{"id":37834,"date":"2023-08-22T23:46:57","date_gmt":"2023-08-23T02:46:57","guid":{"rendered":"https:\/\/agendadelsur.com\/?p=37834"},"modified":"2023-08-22T23:46:58","modified_gmt":"2023-08-23T02:46:58","slug":"la-patria-fusilada","status":"publish","type":"post","link":"https:\/\/agendadelsur.com\/index.php\/2023\/08\/22\/la-patria-fusilada\/","title":{"rendered":"La Patria Fusilada"},"content":{"rendered":"\n<h6 class=\"wp-block-heading\">El 22 de agosto de 1972, 19 presas y presos pol\u00edticos que se encontraban detenidos en la Base Aeronaval Almirante Zar de Trelew fueron fusilados por los guardias, que simularon un intento de fuga. Pero tres de los detenidos sobrevivieron y contaron lo sucedido.<\/h6>\n\n\n\n<div class=\"wp-block-image\"><figure class=\"aligncenter size-full\"><img loading=\"lazy\" decoding=\"async\" width=\"730\" height=\"223\" src=\"https:\/\/agendadelsur.com\/wp-content\/uploads\/2023\/08\/fusilados.jpg\" alt=\"\" class=\"wp-image-37835\" srcset=\"https:\/\/agendadelsur.com\/wp-content\/uploads\/2023\/08\/fusilados.jpg 730w, https:\/\/agendadelsur.com\/wp-content\/uploads\/2023\/08\/fusilados-300x92.jpg 300w\" sizes=\"(max-width: 730px) 100vw, 730px\" \/><\/figure><\/div>\n\n\n\n<p>La Masacre de Trelew fue un punto de quiebre para la historia reciente de nuestro pa\u00eds y anticip\u00f3 la sistematizaci\u00f3n del terrorismo de Estado que se implementar\u00eda en todo el territorio nacional a partir del Golpe de 1976.<\/p>\n\n\n\n<p>En 2012, despu\u00e9s de 40 a\u00f1os, el Tribunal Oral Federal de Comodoro Rivadavia conden\u00f3 por cr\u00edmenes de Lesa Humanidad a tres de los responsables de la Masacre: Luis Emilio Sosa, Emilio Del Real y Carlos Marandino.<\/p>\n\n\n\n<p>Por otra parte, en julio de 2022, el ex marino Guillermo Bravo fue condenado en Estados Unidos (donde vive desde 1973) por los fusilamientos de Trelew. La Justicia argentina sigue solicitando a Estados Unidos su extradici\u00f3n para juzgarlo en el pa\u00eds.<\/p>\n\n\n\n<p>Fuente: Secretar\u00eda de Derechos Humanos de la Naci\u00f3n<\/p>\n\n\n\n<div class=\"wp-block-image\"><figure class=\"aligncenter size-full\"><img loading=\"lazy\" decoding=\"async\" width=\"300\" height=\"300\" src=\"https:\/\/agendadelsur.com\/wp-content\/uploads\/2023\/08\/agenda-del-sur-2.png\" alt=\"\" class=\"wp-image-37772\" srcset=\"https:\/\/agendadelsur.com\/wp-content\/uploads\/2023\/08\/agenda-del-sur-2.png 300w, https:\/\/agendadelsur.com\/wp-content\/uploads\/2023\/08\/agenda-del-sur-2-150x150.png 150w\" sizes=\"(max-width: 300px) 100vw, 300px\" \/><\/figure><\/div>\n\n\n\n<div class=\"wp-block-image\"><figure class=\"aligncenter size-full\"><img loading=\"lazy\" decoding=\"async\" width=\"300\" height=\"300\" src=\"https:\/\/agendadelsur.com\/wp-content\/uploads\/2023\/08\/MILLANEL-INT.-1-2.jpg\" alt=\"\" class=\"wp-image-37773\" srcset=\"https:\/\/agendadelsur.com\/wp-content\/uploads\/2023\/08\/MILLANEL-INT.-1-2.jpg 300w, https:\/\/agendadelsur.com\/wp-content\/uploads\/2023\/08\/MILLANEL-INT.-1-2-150x150.jpg 150w\" sizes=\"(max-width: 300px) 100vw, 300px\" \/><\/figure><\/div>\n","protected":false},"excerpt":{"rendered":"<p>El 22 de agosto de 1972, 19 presas y presos pol\u00edticos que se encontraban detenidos en la Base Aeronaval Almirante Zar de Trelew fueron fusilados por los guardias, que simularon un intento de fuga. Pero tres de los detenidos sobrevivieron y contaron lo sucedido. La Masacre de Trelew fue un punto de quiebre para la [&hellip;]<\/p>\n","protected":false},"author":2,"featured_media":37836,"comment_status":"closed","ping_status":"open","sticky":false,"template":"","format":"standard","meta":{"footnotes":""},"categories":[9],"tags":[11262,11260],"_links":{"self":[{"href":"https:\/\/agendadelsur.com\/index.php\/wp-json\/wp\/v2\/posts\/37834"}],"collection":[{"href":"https:\/\/agendadelsur.com\/index.php\/wp-json\/wp\/v2\/posts"}],"about":[{"href":"https:\/\/agendadelsur.com\/index.php\/wp-json\/wp\/v2\/types\/post"}],"author":[{"embeddable":true,"href":"https:\/\/agendadelsur.com\/index.php\/wp-json\/wp\/v2\/users\/2"}],"replies":[{"embeddable":true,"href":"https:\/\/agendadelsur.com\/index.php\/wp-json\/wp\/v2\/comments?post=37834"}],"version-history":[{"count":1,"href":"https:\/\/agendadelsur.com\/index.php\/wp-json\/wp\/v2\/posts\/37834\/revisions"}],"predecessor-version":[{"id":37837,"href":"https:\/\/agendadelsur.com\/index.php\/wp-json\/wp\/v2\/posts\/37834\/revisions\/37837"}],"wp:featuredmedia":[{"embeddable":true,"href":"https:\/\/agendadelsur.com\/index.php\/wp-json\/wp\/v2\/media\/37836"}],"wp:attachment":[{"href":"https:\/\/agendadelsur.com\/index.php\/wp-json\/wp\/v2\/media?parent=37834"}],"wp:term":[{"taxonomy":"category","embeddable":true,"href":"https:\/\/agendadelsur.com\/index.php\/wp-json\/wp\/v2\/categories?post=37834"},{"taxonomy":"post_tag","embeddable":true,"href":"https:\/\/agendadelsur.com\/index.php\/wp-json\/wp\/v2\/tags?post=37834"}],"curies":[{"name":"wp","href":"https:\/\/api.w.org\/{rel}","templated":true}]}}