{"id":38,"date":"2019-12-24T17:15:29","date_gmt":"2019-12-24T17:15:29","guid":{"rendered":"http:\/\/agendadelsur.com\/?p=38"},"modified":"2019-12-24T17:15:30","modified_gmt":"2019-12-24T17:15:30","slug":"nueva-pileta-climatizada-del-polideportivo-delfo-cabrera","status":"publish","type":"post","link":"https:\/\/agendadelsur.com\/index.php\/2019\/12\/24\/nueva-pileta-climatizada-del-polideportivo-delfo-cabrera\/","title":{"rendered":"Nueva pileta climatizada del Polideportivo Delfo Cabrera"},"content":{"rendered":"\n<p>El natatorio climatizado est\u00e1 reubicado en planta baja del predio. El complejo cuenta con todas las comodidades, vestuario y sanitarios, equipo de climatizaci\u00f3n que permitir\u00e1 su utilizaci\u00f3n durante todo el a\u00f1o, adem\u00e1s de una pileta complementaria de baja profundidad para los ni\u00f1os de menor edad.<br>\nEl intendente Jorge Ferraresi, inaugur\u00f3 la pileta construida en el Polideportivo Municipal Delfo Cabrera, de Sarand\u00ed, en el marco de una jornada recreativa de la que participaron cerca de 1000 egresadxs de escuelas p\u00fablicas primarias.<\/p>\n","protected":false},"excerpt":{"rendered":"<p>El natatorio climatizado est\u00e1 reubicado en planta baja del predio. El complejo cuenta con todas las comodidades, vestuario y sanitarios, equipo de climatizaci\u00f3n que permitir\u00e1 su utilizaci\u00f3n durante todo el a\u00f1o, adem\u00e1s de una pileta complementaria de baja profundidad para los ni\u00f1os de menor edad. El intendente Jorge Ferraresi, inaugur\u00f3 la pileta construida en el [&hellip;]<\/p>\n","protected":false},"author":1,"featured_media":39,"comment_status":"open","ping_status":"open","sticky":false,"template":"","format":"standard","meta":{"footnotes":""},"categories":[4],"tags":[6,5,8,7],"_links":{"self":[{"href":"https:\/\/agendadelsur.com\/index.php\/wp-json\/wp\/v2\/posts\/38"}],"collection":[{"href":"https:\/\/agendadelsur.com\/index.php\/wp-json\/wp\/v2\/posts"}],"about":[{"href":"https:\/\/agendadelsur.com\/index.php\/wp-json\/wp\/v2\/types\/post"}],"author":[{"embeddable":true,"href":"https:\/\/agendadelsur.com\/index.php\/wp-json\/wp\/v2\/users\/1"}],"replies":[{"embeddable":true,"href":"https:\/\/agendadelsur.com\/index.php\/wp-json\/wp\/v2\/comments?post=38"}],"version-history":[{"count":1,"href":"https:\/\/agendadelsur.com\/index.php\/wp-json\/wp\/v2\/posts\/38\/revisions"}],"predecessor-version":[{"id":40,"href":"https:\/\/agendadelsur.com\/index.php\/wp-json\/wp\/v2\/posts\/38\/revisions\/40"}],"wp:featuredmedia":[{"embeddable":true,"href":"https:\/\/agendadelsur.com\/index.php\/wp-json\/wp\/v2\/media\/39"}],"wp:attachment":[{"href":"https:\/\/agendadelsur.com\/index.php\/wp-json\/wp\/v2\/media?parent=38"}],"wp:term":[{"taxonomy":"category","embeddable":true,"href":"https:\/\/agendadelsur.com\/index.php\/wp-json\/wp\/v2\/categories?post=38"},{"taxonomy":"post_tag","embeddable":true,"href":"https:\/\/agendadelsur.com\/index.php\/wp-json\/wp\/v2\/tags?post=38"}],"curies":[{"name":"wp","href":"https:\/\/api.w.org\/{rel}","templated":true}]}}