{"id":38846,"date":"2023-09-12T17:35:58","date_gmt":"2023-09-12T20:35:58","guid":{"rendered":"https:\/\/agendadelsur.com\/?p=38846"},"modified":"2023-09-12T17:35:59","modified_gmt":"2023-09-12T20:35:59","slug":"nuevo-equipamiento-para-hospitales-de-avellaneda-los-entrego-el-ministerio-de-salud-bonaerense","status":"publish","type":"post","link":"https:\/\/agendadelsur.com\/index.php\/2023\/09\/12\/nuevo-equipamiento-para-hospitales-de-avellaneda-los-entrego-el-ministerio-de-salud-bonaerense\/","title":{"rendered":"Nuevo equipamiento para hospitales de Avellaneda: los entreg\u00f3 el Ministerio de Salud bonaerense"},"content":{"rendered":"\n<h6 class=\"wp-block-heading\">Se trata de un nuevo tom\u00f3grafo, ambulancias y computadoras con historias cl\u00ednicas integradas. Tambi\u00e9n para que el distrito siga avanzando en la implementaci\u00f3n de la historia cl\u00ednica digital, se entregaron 60 computadoras: 20 al hospital \u201cPer\u00f3n\u201d, 15 al \u201cFiorito\u201d, 10 al \u201cGoitia\u201d y 15 al \u201cWilde\u201d.<\/h6>\n\n\n\n<div class=\"wp-block-image\"><figure class=\"aligncenter size-full\"><img loading=\"lazy\" decoding=\"async\" width=\"500\" height=\"333\" src=\"https:\/\/agendadelsur.com\/wp-content\/uploads\/2023\/09\/2-13.jpg\" alt=\"\" class=\"wp-image-38847\" srcset=\"https:\/\/agendadelsur.com\/wp-content\/uploads\/2023\/09\/2-13.jpg 500w, https:\/\/agendadelsur.com\/wp-content\/uploads\/2023\/09\/2-13-300x200.jpg 300w\" sizes=\"(max-width: 500px) 100vw, 500px\" \/><\/figure><\/div>\n\n\n\n<p>El intendente de Avellaneda, Jorge Ferraresi, recibi\u00f3 este lunes &nbsp;al ministro de Salud bonaerense, Nicol\u00e1s Kreplak, para encabezar la entrega de equipamiento a los hospitales provinciales de la ciudad.<\/p>\n\n\n\n<p>Los funcionarios estuvieron en los Hospitales Fiorito y Per\u00f3n, donde dialogaron con las autoridades, los trabajadores y recorrieron las instalaciones y los avances de obra.<\/p>\n\n\n\n<p>\u201cLa Provincia est\u00e1 a la vanguardia en la salud de todo el pa\u00eds\u201d, sostuvo el ministro durante la visita. \u201cCreamos una red de hospitales y un estado presente\u201d, sigui\u00f3 Kreplak, y subray\u00f3: \u201cPor decisi\u00f3n del gobernador Axel Kicillof invertimos muy fuerte en salud\u201d.<\/p>\n\n\n\n<p>En ese marco, el Ministerio de Salud otorg\u00f3 tres ambulancias: dos de alta complejidad que se suman a los hospitales provinciales \u201cPresidente Per\u00f3n\u201d y \u201cPedro Fiorito\u201d, y una de traslado, destinada al sistema de emergencias local.<\/p>\n\n\n\n<figure class=\"wp-block-gallery columns-3 is-cropped wp-block-gallery-1 is-layout-flex wp-block-gallery-is-layout-flex\"><ul class=\"blocks-gallery-grid\"><li class=\"blocks-gallery-item\"><figure><img loading=\"lazy\" decoding=\"async\" width=\"500\" height=\"333\" src=\"https:\/\/agendadelsur.com\/wp-content\/uploads\/2023\/09\/3-16.jpg\" alt=\"\" data-id=\"38848\" data-link=\"https:\/\/agendadelsur.com\/?attachment_id=38848\" class=\"wp-image-38848\" srcset=\"https:\/\/agendadelsur.com\/wp-content\/uploads\/2023\/09\/3-16.jpg 500w, https:\/\/agendadelsur.com\/wp-content\/uploads\/2023\/09\/3-16-300x200.jpg 300w\" sizes=\"(max-width: 500px) 100vw, 500px\" \/><\/figure><\/li><li class=\"blocks-gallery-item\"><figure><img loading=\"lazy\" decoding=\"async\" width=\"500\" height=\"333\" src=\"https:\/\/agendadelsur.com\/wp-content\/uploads\/2023\/09\/4-11.jpg\" alt=\"\" data-id=\"38849\" data-link=\"https:\/\/agendadelsur.com\/?attachment_id=38849\" class=\"wp-image-38849\" srcset=\"https:\/\/agendadelsur.com\/wp-content\/uploads\/2023\/09\/4-11.jpg 500w, https:\/\/agendadelsur.com\/wp-content\/uploads\/2023\/09\/4-11-300x200.jpg 300w\" sizes=\"(max-width: 500px) 100vw, 500px\" \/><\/figure><\/li><li class=\"blocks-gallery-item\"><figure><img loading=\"lazy\" decoding=\"async\" width=\"500\" height=\"333\" src=\"https:\/\/agendadelsur.com\/wp-content\/uploads\/2023\/09\/8-3.jpg\" alt=\"\" data-id=\"38850\" data-full-url=\"https:\/\/agendadelsur.com\/wp-content\/uploads\/2023\/09\/8-3.jpg\" data-link=\"https:\/\/agendadelsur.com\/?attachment_id=38850\" class=\"wp-image-38850\" srcset=\"https:\/\/agendadelsur.com\/wp-content\/uploads\/2023\/09\/8-3.jpg 500w, https:\/\/agendadelsur.com\/wp-content\/uploads\/2023\/09\/8-3-300x200.jpg 300w\" sizes=\"(max-width: 500px) 100vw, 500px\" \/><\/figure><\/li><\/ul><\/figure>\n\n\n\n<p>Por otro lado, el hospital Fiorito tambi\u00e9n recibi\u00f3 un nuevo tom\u00f3grafo y una mesa de anestesia.<\/p>\n\n\n\n<p>Para que Avellaneda siga avanzando en la implementaci\u00f3n de la historia cl\u00ednica digital, adem\u00e1s se entregaron 60 computadoras: 20 al hospital \u201cPer\u00f3n\u201d, 15 al \u201cFiorito\u201d, 10 al \u201cGoitia\u201d y 15 al \u201cWilde\u201d.<\/p>\n\n\n\n<p>De la jornada tambi\u00e9n participaron la viceministra de Salud, Alexia Navarro; el director provincial de Hospitales, Juan Riera; el director ejecutivo Regi\u00f3n Sanitaria VI, Luis Parrilla, y la secretaria de Salud local, Virginia Alga\u00f1araz.<\/p>\n\n\n\n<p>Fuente: Direcci\u00f3n General de Medios y Redes de la Municipalidad de Avellaneda<\/p>\n\n\n\n<div class=\"wp-block-image\"><figure class=\"aligncenter size-full is-resized\"><img loading=\"lazy\" decoding=\"async\" src=\"https:\/\/agendadelsur.com\/wp-content\/uploads\/2023\/09\/AVISO-CRISTAL-WEB-1.jpg\" alt=\"\" class=\"wp-image-38714\" width=\"358\" height=\"358\" srcset=\"https:\/\/agendadelsur.com\/wp-content\/uploads\/2023\/09\/AVISO-CRISTAL-WEB-1.jpg 300w, https:\/\/agendadelsur.com\/wp-content\/uploads\/2023\/09\/AVISO-CRISTAL-WEB-1-150x150.jpg 150w\" sizes=\"(max-width: 358px) 100vw, 358px\" \/><\/figure><\/div>\n\n\n\n<div class=\"wp-block-image\"><figure class=\"aligncenter size-full is-resized\"><img loading=\"lazy\" decoding=\"async\" src=\"https:\/\/agendadelsur.com\/wp-content\/uploads\/2023\/09\/MODIFICADO-web-DestapacionesRomaen_Publi_10x10-Sur-MODIFICADO-300x250-1-2-2.jpg\" alt=\"\" class=\"wp-image-38694\" width=\"348\" height=\"290\"\/><\/figure><\/div>\n","protected":false},"excerpt":{"rendered":"<p>Se trata de un nuevo tom\u00f3grafo, ambulancias y computadoras con historias cl\u00ednicas integradas. Tambi\u00e9n para que el distrito siga avanzando en la implementaci\u00f3n de la historia cl\u00ednica digital, se entregaron 60 computadoras: 20 al hospital \u201cPer\u00f3n\u201d, 15 al \u201cFiorito\u201d, 10 al \u201cGoitia\u201d y 15 al \u201cWilde\u201d. El intendente de Avellaneda, Jorge Ferraresi, recibi\u00f3 este lunes [&hellip;]<\/p>\n","protected":false},"author":2,"featured_media":38851,"comment_status":"closed","ping_status":"open","sticky":false,"template":"","format":"standard","meta":{"footnotes":""},"categories":[4],"tags":[11570,11569,9231],"_links":{"self":[{"href":"https:\/\/agendadelsur.com\/index.php\/wp-json\/wp\/v2\/posts\/38846"}],"collection":[{"href":"https:\/\/agendadelsur.com\/index.php\/wp-json\/wp\/v2\/posts"}],"about":[{"href":"https:\/\/agendadelsur.com\/index.php\/wp-json\/wp\/v2\/types\/post"}],"author":[{"embeddable":true,"href":"https:\/\/agendadelsur.com\/index.php\/wp-json\/wp\/v2\/users\/2"}],"replies":[{"embeddable":true,"href":"https:\/\/agendadelsur.com\/index.php\/wp-json\/wp\/v2\/comments?post=38846"}],"version-history":[{"count":1,"href":"https:\/\/agendadelsur.com\/index.php\/wp-json\/wp\/v2\/posts\/38846\/revisions"}],"predecessor-version":[{"id":38852,"href":"https:\/\/agendadelsur.com\/index.php\/wp-json\/wp\/v2\/posts\/38846\/revisions\/38852"}],"wp:featuredmedia":[{"embeddable":true,"href":"https:\/\/agendadelsur.com\/index.php\/wp-json\/wp\/v2\/media\/38851"}],"wp:attachment":[{"href":"https:\/\/agendadelsur.com\/index.php\/wp-json\/wp\/v2\/media?parent=38846"}],"wp:term":[{"taxonomy":"category","embeddable":true,"href":"https:\/\/agendadelsur.com\/index.php\/wp-json\/wp\/v2\/categories?post=38846"},{"taxonomy":"post_tag","embeddable":true,"href":"https:\/\/agendadelsur.com\/index.php\/wp-json\/wp\/v2\/tags?post=38846"}],"curies":[{"name":"wp","href":"https:\/\/api.w.org\/{rel}","templated":true}]}}