{"id":39144,"date":"2023-09-20T01:42:50","date_gmt":"2023-09-20T04:42:50","guid":{"rendered":"https:\/\/agendadelsur.com\/?p=39144"},"modified":"2023-09-20T01:42:51","modified_gmt":"2023-09-20T04:42:51","slug":"inclusion-laboral-en-la-cuenca-segunda-camada-de-la-diplomatura-de-promotores-agroecologicos","status":"publish","type":"post","link":"https:\/\/agendadelsur.com\/index.php\/2023\/09\/20\/inclusion-laboral-en-la-cuenca-segunda-camada-de-la-diplomatura-de-promotores-agroecologicos\/","title":{"rendered":"Inclusi\u00f3n laboral en la Cuenca: segunda camada de la diplomatura de Promotores Agroecol\u00f3gicos"},"content":{"rendered":"\n<h6 class=\"wp-block-heading\">Finaliz\u00f3 la formaci\u00f3n que busca generar oportunidades de empleo verde en la Cuenca e impulsar los sistemas de producci\u00f3n, distribuci\u00f3n, comercializaci\u00f3n y consumo de productos de base agroecol\u00f3gica.<\/h6>\n\n\n\n<div class=\"wp-block-image\"><figure class=\"aligncenter size-full is-resized\"><img decoding=\"async\" src=\"https:\/\/agendadelsur.com\/wp-content\/uploads\/2023\/09\/a-4.jpg\" alt=\"\" class=\"wp-image-39145\" width=\"-65\" height=\"-44\" srcset=\"https:\/\/agendadelsur.com\/wp-content\/uploads\/2023\/09\/a-4.jpg 700w, https:\/\/agendadelsur.com\/wp-content\/uploads\/2023\/09\/a-4-300x206.jpg 300w\" sizes=\"(max-width: 700px) 100vw, 700px\" \/><\/figure><\/div>\n\n\n\n<p>Son 237 las, les y los estudiantes que completaron sus estudios sobre agroecolog\u00eda en la Cuenca Matanza Riachuelo, gracias al programa de entrenamientos laborales y la diplomatura universitaria impulsada por ACUMAR, el Instituto Nacional de Tecnolog\u00eda Agropecuaria (INTA), la Universidad Nacional de Hurlingham (UNAHUR) y el Ministerio de Trabajo, Empleo y Seguridad Social de la Naci\u00f3n.<\/p>\n\n\n\n<p>Este martes, autoridades de las instituciones entregaron sus diplomas a cada estudiante en la Estaci\u00f3n Experimental Agropecuaria AMBA del INTA en Ituzaing\u00f3.<\/p>\n\n\n\n<p>Se trata de la segunda edici\u00f3n del entrenamiento laboral, destinado a personas sin empleo participantes de programas del Ministerio. La iniciativa, que tambi\u00e9n se articula con los gobiernos locales y organizaciones sociales, prioriza a la poblaci\u00f3n juvenil.<\/p>\n\n\n\n<p>La primera edici\u00f3n de la propuesta inici\u00f3 en 2021. Docentes de la UNAHUR dictaron las clases en 25 sedes a lo largo de seis meses de entrenamiento y, como resultado, 198 estudiantes obtuvieron su diplomatura; 78 j\u00f3venes escribieron y presentaron proyectos productivos al Ministerio de Trabajo, Empleo y Seguridad Social; y 20 continuaron sus estudios de tecnicatura universitaria en producci\u00f3n agroecol\u00f3gica periurbana.<\/p>\n\n\n\n<p>En esta \u00faltima cursada, la capacitaci\u00f3n se extendi\u00f3 a ocho meses de duraci\u00f3n y se dict\u00f3 en 30 sedes, en todas las jurisdicciones de la Cuenca. La ampliaci\u00f3n del plazo permiti\u00f3 brindar mejor acompa\u00f1amiento en la formaci\u00f3n y mayor consolidaci\u00f3n de los proyectos productivos.<\/p>\n\n\n\n<p>Asimismo, veinticinco egresados continuaron su formaci\u00f3n y hoy forman parte del proyecto \u201cPromotores en escuelas por la soberan\u00eda alimentaria\u201d mediante el cual se instalan huertas educativas y se desarrollan talleres informativos de educaci\u00f3n ambiental y soberan\u00eda alimentaria en colegios que formen parte del Programa Escuelas por la Cuenca.<\/p>\n\n\n\n<p>\u201cHacemos un balance muy positivo de esta iniciativa, que tuvo un importante despliegue territorial y que permiti\u00f3 generar instancias de formaci\u00f3n y oportunidades concretas de empleo verde para las juventudes de la Cuenca. La comunidad debe ser un actor central en la recuperaci\u00f3n ambiental, y sin dudas proyectos como este lo incentivan\u201d, destac\u00f3 el presidente del organismo, Mart\u00edn Sabbatella.<\/p>\n\n\n\n<p>Estuvieron presentes el director ejecutivo de Gesti\u00f3n de ACUMAR, Daniel Larrache; la directora de Fortalecimiento Comunitario y Promoci\u00f3n del Desarrollo, Mar\u00eda Jos\u00e9 Parra; el coordinador general, Ignacio Leguisamo; el presidente del INTA, Mariano Garmendia; por la UNAHUR el coordinador de la Tecnicatura en Agroecolog\u00eda, Federico Zuberman y el director del Instituo de Biotecnolog\u00eda, Sebasti\u00e1n Calvo; el gerente de Articulaci\u00f3n Institucional del INTA, Luis Caballero; y el director de la Estaci\u00f3n Experimental Agropecuaria AMBA, Santiago Masondo.<\/p>\n\n\n\n<p>Fuente: Prensa ACUMAR<\/p>\n\n\n\n<div class=\"wp-block-image\"><figure class=\"aligncenter size-full is-resized\"><img loading=\"lazy\" decoding=\"async\" src=\"https:\/\/agendadelsur.com\/wp-content\/uploads\/2023\/09\/AVISO-CRISTAL-WEB-2.jpg\" alt=\"\" class=\"wp-image-38957\" width=\"378\" height=\"378\" srcset=\"https:\/\/agendadelsur.com\/wp-content\/uploads\/2023\/09\/AVISO-CRISTAL-WEB-2.jpg 300w, https:\/\/agendadelsur.com\/wp-content\/uploads\/2023\/09\/AVISO-CRISTAL-WEB-2-150x150.jpg 150w\" sizes=\"(max-width: 378px) 100vw, 378px\" \/><\/figure><\/div>\n","protected":false},"excerpt":{"rendered":"<p>Finaliz\u00f3 la formaci\u00f3n que busca generar oportunidades de empleo verde en la Cuenca e impulsar los sistemas de producci\u00f3n, distribuci\u00f3n, comercializaci\u00f3n y consumo de productos de base agroecol\u00f3gica. Son 237 las, les y los estudiantes que completaron sus estudios sobre agroecolog\u00eda en la Cuenca Matanza Riachuelo, gracias al programa de entrenamientos laborales y la diplomatura [&hellip;]<\/p>\n","protected":false},"author":2,"featured_media":39146,"comment_status":"closed","ping_status":"open","sticky":false,"template":"","format":"standard","meta":{"footnotes":""},"categories":[4661],"tags":[601,4273,11657,11658],"_links":{"self":[{"href":"https:\/\/agendadelsur.com\/index.php\/wp-json\/wp\/v2\/posts\/39144"}],"collection":[{"href":"https:\/\/agendadelsur.com\/index.php\/wp-json\/wp\/v2\/posts"}],"about":[{"href":"https:\/\/agendadelsur.com\/index.php\/wp-json\/wp\/v2\/types\/post"}],"author":[{"embeddable":true,"href":"https:\/\/agendadelsur.com\/index.php\/wp-json\/wp\/v2\/users\/2"}],"replies":[{"embeddable":true,"href":"https:\/\/agendadelsur.com\/index.php\/wp-json\/wp\/v2\/comments?post=39144"}],"version-history":[{"count":1,"href":"https:\/\/agendadelsur.com\/index.php\/wp-json\/wp\/v2\/posts\/39144\/revisions"}],"predecessor-version":[{"id":39147,"href":"https:\/\/agendadelsur.com\/index.php\/wp-json\/wp\/v2\/posts\/39144\/revisions\/39147"}],"wp:featuredmedia":[{"embeddable":true,"href":"https:\/\/agendadelsur.com\/index.php\/wp-json\/wp\/v2\/media\/39146"}],"wp:attachment":[{"href":"https:\/\/agendadelsur.com\/index.php\/wp-json\/wp\/v2\/media?parent=39144"}],"wp:term":[{"taxonomy":"category","embeddable":true,"href":"https:\/\/agendadelsur.com\/index.php\/wp-json\/wp\/v2\/categories?post=39144"},{"taxonomy":"post_tag","embeddable":true,"href":"https:\/\/agendadelsur.com\/index.php\/wp-json\/wp\/v2\/tags?post=39144"}],"curies":[{"name":"wp","href":"https:\/\/api.w.org\/{rel}","templated":true}]}}