{"id":3990,"date":"2020-10-02T21:30:45","date_gmt":"2020-10-03T00:30:45","guid":{"rendered":"https:\/\/agendadelsur.com\/?p=3990"},"modified":"2020-10-02T21:30:46","modified_gmt":"2020-10-03T00:30:46","slug":"avellaneda-tiene-su-primer-equipo-de-albanilas","status":"publish","type":"post","link":"https:\/\/agendadelsur.com\/index.php\/2020\/10\/02\/avellaneda-tiene-su-primer-equipo-de-albanilas\/","title":{"rendered":"Avellaneda tiene su primer equipo de alba\u00f1ilas"},"content":{"rendered":"\n<p>La primera cuadrilla de 20 mujeres que comenzar\u00e1n a trabajar en tareas de alba\u00f1iler\u00eda para la Municipalidad de Avellaneda se reunieron esta ma\u00f1ana con la titular del Observatorio Social de Pol\u00edticas P\u00fablicas de Avellaneda y diputada nacional, Magdalena Sierra para coordinar las tareas a realizar.<\/p>\n\n\n\n<figure class=\"wp-block-image size-large\"><img loading=\"lazy\" decoding=\"async\" width=\"400\" height=\"270\" src=\"https:\/\/agendadelsur.com\/wp-content\/uploads\/2020\/10\/2A.jpg\" alt=\"\" class=\"wp-image-3992\" srcset=\"https:\/\/agendadelsur.com\/wp-content\/uploads\/2020\/10\/2A.jpg 400w, https:\/\/agendadelsur.com\/wp-content\/uploads\/2020\/10\/2A-300x203.jpg 300w\" sizes=\"(max-width: 400px) 100vw, 400px\" \/><figcaption>La Diputada Nacional Magdalena Sierra junto a una de las trabajadoras<\/figcaption><\/figure>\n\n\n\n<p>A trav\u00e9s de la redes sociales la diputada Magdalena Sierra expres\u00f3: &#8220;Despu\u00e9s de tantos a\u00f1os de lucha, y gracias a la decisi\u00f3n pol\u00edtica del intendente Jorge Ferraresi, logramos incorporar a las mujeres en la construcci\u00f3n, derribando muros, prejuicios y la masculinizaci\u00f3n de profesiones y oficios.<\/p>\n\n\n\n<p>Si bien este equipo de compa\u00f1eras ya hab\u00edan realizado algunos cursos vinculados a la construcci\u00f3n, a partir de hoy trabajar\u00e1n en una obra real y concreta: la construcci\u00f3n de viviendas en La Saladita.<\/p>\n\n\n\n<p>Es un orgullo saber que Avellaneda tiene su primer equipo de alba\u00f1ilas. Tenemos mujeres en obra, apostando al crecimiento de nuestra Ciudad, pero tambi\u00e9n construyendo y levantando igualdad<\/p>\n","protected":false},"excerpt":{"rendered":"<p>La primera cuadrilla de 20 mujeres que comenzar\u00e1n a trabajar en tareas de alba\u00f1iler\u00eda para la Municipalidad de Avellaneda se reunieron esta ma\u00f1ana con la titular del Observatorio Social de Pol\u00edticas P\u00fablicas de Avellaneda y diputada nacional, Magdalena Sierra para coordinar las tareas a realizar. A trav\u00e9s de la redes sociales la diputada Magdalena Sierra [&hellip;]<\/p>\n","protected":false},"author":2,"featured_media":3991,"comment_status":"closed","ping_status":"open","sticky":false,"template":"","format":"standard","meta":{"footnotes":""},"categories":[4],"tags":[],"_links":{"self":[{"href":"https:\/\/agendadelsur.com\/index.php\/wp-json\/wp\/v2\/posts\/3990"}],"collection":[{"href":"https:\/\/agendadelsur.com\/index.php\/wp-json\/wp\/v2\/posts"}],"about":[{"href":"https:\/\/agendadelsur.com\/index.php\/wp-json\/wp\/v2\/types\/post"}],"author":[{"embeddable":true,"href":"https:\/\/agendadelsur.com\/index.php\/wp-json\/wp\/v2\/users\/2"}],"replies":[{"embeddable":true,"href":"https:\/\/agendadelsur.com\/index.php\/wp-json\/wp\/v2\/comments?post=3990"}],"version-history":[{"count":1,"href":"https:\/\/agendadelsur.com\/index.php\/wp-json\/wp\/v2\/posts\/3990\/revisions"}],"predecessor-version":[{"id":3993,"href":"https:\/\/agendadelsur.com\/index.php\/wp-json\/wp\/v2\/posts\/3990\/revisions\/3993"}],"wp:featuredmedia":[{"embeddable":true,"href":"https:\/\/agendadelsur.com\/index.php\/wp-json\/wp\/v2\/media\/3991"}],"wp:attachment":[{"href":"https:\/\/agendadelsur.com\/index.php\/wp-json\/wp\/v2\/media?parent=3990"}],"wp:term":[{"taxonomy":"category","embeddable":true,"href":"https:\/\/agendadelsur.com\/index.php\/wp-json\/wp\/v2\/categories?post=3990"},{"taxonomy":"post_tag","embeddable":true,"href":"https:\/\/agendadelsur.com\/index.php\/wp-json\/wp\/v2\/tags?post=3990"}],"curies":[{"name":"wp","href":"https:\/\/api.w.org\/{rel}","templated":true}]}}