{"id":4066,"date":"2020-10-07T21:38:32","date_gmt":"2020-10-08T00:38:32","guid":{"rendered":"https:\/\/agendadelsur.com\/?p=4066"},"modified":"2020-10-07T21:38:32","modified_gmt":"2020-10-08T00:38:32","slug":"el-presidente-anuncio-la-creacion-del-fondo-nacional-de-la-defensa-con-el-que-se-crearan-20-mil-puestos-de-trabajo-en-2021","status":"publish","type":"post","link":"https:\/\/agendadelsur.com\/index.php\/2020\/10\/07\/el-presidente-anuncio-la-creacion-del-fondo-nacional-de-la-defensa-con-el-que-se-crearan-20-mil-puestos-de-trabajo-en-2021\/","title":{"rendered":"El Presidente anunci\u00f3 la creaci\u00f3n del Fondo Nacional de la Defensa con el que se crear\u00e1n 20 mil puestos de trabajo en 2021"},"content":{"rendered":"\n<p>El presidente Alberto Fern\u00e1ndez encabez\u00f3 esta tarde la presentaci\u00f3n del Fondo Nacional de la Defensa (FONDEF), que financiar\u00e1 la recuperaci\u00f3n y la modernizaci\u00f3n del equipamiento de las Fuerzas Armadas, potenciar\u00e1 el desarrollo de la industria nacional de ese sector y, solo en 2021, impulsar\u00e1 la creaci\u00f3n de 20.000 puestos de trabajo.<\/p>\n\n\n\n<p>Fern\u00e1ndez asegur\u00f3 que es necesario que \u201cel Estado nacional vuelva a entender que todo Estado en la modernidad necesita de la defensa, que no solo es pensada con fines b\u00e9licos, tambi\u00e9n es pensada con fines disuasivos y con atenci\u00f3n a las necesidades internas que el pa\u00eds tiene. Lo hemos visto en la pandemia con lo mucho que las tres fuerzas hicieron para ayudar en la emergencia\u201d.<\/p>\n\n\n\n<p>\u201cVamos a hacer todo lo necesario para que se produzcan m\u00e1s aviones, para que Fabricaciones Militares funcione al m\u00e1ximo\u201d, se\u00f1al\u00f3 el Presidente, que estuvo acompa\u00f1ado en la sede del astillero Tandanor, en la d\u00e1rsena sur del Puerto de Buenos Aires, por el ministro de Defensa, Agust\u00edn Rossi, y por la secretaria de Investigaci\u00f3n, Pol\u00edtica Industrial y Producci\u00f3n para la Defensa, Daniela Castro.<\/p>\n\n\n\n<p>\u201cTenemos una oportunidad \u00fanica, tenemos en las tres fuerzas una oficialidad que se gradu\u00f3 en la democracia y que desde entonces viene sirviendo a las instituciones de la democracia, tenemos la oportunidad de empezar a pensar la defensa, el funcionamiento de las Fuerzas Armadas mirando para adelante, porque tenemos una proyecci\u00f3n de futuro que antes no ten\u00edamos\u201d, expres\u00f3.<\/p>\n\n\n\n<p>Y destac\u00f3 que \u201ces tiempo de darle a las Fuerzas Armadas el reconocimiento social que merecen, son nuestros almirantes, generales, brigadieres, son los est\u00e1n llamados a defendernos ante cualquier agresi\u00f3n y cuidarnos permanentemente, y por eso nos ocupamos de que parte de ese reconocimiento se manifieste en un reordenamiento salarial que muchos a\u00f1os estuvo tergivers\u00e1ndose, pero no bastaba solo con eso, si queremos desarrollar un prototipo de defensa para la Argentina hace falta recursos\u201d.<\/p>\n\n\n\n<p>Adem\u00e1s, remarc\u00f3 que \u201cla Argentina cuenta con t\u00e9cnicos de calidad: all\u00ed tienen en el INVAP y en el CONICET la prueba m\u00e1s evidente de la capacidad cient\u00edfica y tecnol\u00f3gica del pa\u00eds\u201d.<\/p>\n\n\n\n<p>\u201cEs hora de que unamos fuerzas e inteligencia y pongamos en marcha la Argentina que nos merecemos. No es la que nos dejaron, la que la pandemia arrecia, es la que vamos a empezar a construir a partir de ahora\u201d, afirm\u00f3.<\/p>\n\n\n\n<p>El FONDEF tendr\u00e1 impacto federal, ya que mejorar\u00e1 las condiciones de formaci\u00f3n y servicio de las Fuerzas Armadas, al tiempo que beneficiar\u00e1 a las provincias y localidades donde est\u00e1n radicadas las diferentes industrias vinculadas a la defensa.<\/p>\n\n\n\n<p>En 2021, el contar\u00e1 con m\u00e1s de 30.000 millones de pesos, es decir el 0,5 por ciento de los ingresos corrientes del presupuesto de la Administraci\u00f3n P\u00fablica Nacional. Ese porcentaje se incrementar\u00e1 a 0,65 en 2022 y a 0,8 a partir de 2023.<\/p>\n\n\n\n<p>El nuevo financiamiento estar\u00e1 orientado a favorecer la sustituci\u00f3n de importaciones, el desarrollo de proveedores y la inserci\u00f3n internacional de la producci\u00f3n local de bienes y servicios de la defensa; promover la innovaci\u00f3n productiva, inclusiva y sustentable, por medio de un mayor escalonamiento tecnol\u00f3gico, e incrementar la investigaci\u00f3n y el desarrollo, tanto en el sector p\u00fablico como privado.<\/p>\n\n\n\n<p>Administrado por el Ministerio de Defensa, este fondo debe ejecutarse en su totalidad a\u00f1o tras a\u00f1o y tendr\u00e1 doble control parlamentario y la ley que establece su creaci\u00f3n fue promulgada el pasado 1\u00b0 de octubre, a trav\u00e9s del decreto 782\/20.<\/p>\n\n\n\n<p>En el acto estuvieron presentes en el acto los jefes del Estado Mayor Conjunto de las Fuerzas Armadas, Juan Mart\u00edn Paleo; de la Fuerza A\u00e9rea, Xavier Isaac; del Ej\u00e9rcito, Agust\u00edn Cejas, y de la Armada, Julio Guardia.<\/p>\n\n\n\n<p>Participaron tambi\u00e9n los presidentes de Tandanor, Miguel \u00c1ngel Tudino; de Fabricaciones Militares, Iv\u00e1n Durig\u00f3n; de FADEA, Mirta Iriondo; del IAF, Guillermo Carmona; del INVAP, Hugo Albani, y del Astillero R\u00edo Santiago, Ariel Basteiro, adem\u00e1s de representantes del Sindicato de Trabajadores de Talleres y Astilleros Navales y de la C\u00e1mara de la Industria Naval Argentina (CINA), de la Federaci\u00f3n de la Industria Naval Argentina (FINA), de la Asociaci\u00f3n de Industriales de la Rep\u00fablica Argentina (ADIMRA), de la C\u00e1mara Argentina Aeron\u00e1utica y Espacial Producci\u00f3n para la Defensa (CARAE) y de la Fundaci\u00f3n Pro Tejer.<\/p>\n\n\n\n<p>Fuente: Presidencia de la Naci\u00f3n<\/p>\n","protected":false},"excerpt":{"rendered":"<p>El presidente Alberto Fern\u00e1ndez encabez\u00f3 esta tarde la presentaci\u00f3n del Fondo Nacional de la Defensa (FONDEF), que financiar\u00e1 la recuperaci\u00f3n y la modernizaci\u00f3n del equipamiento de las Fuerzas Armadas, potenciar\u00e1 el desarrollo de la industria nacional de ese sector y, solo en 2021, impulsar\u00e1 la creaci\u00f3n de 20.000 puestos de trabajo. Fern\u00e1ndez asegur\u00f3 que es [&hellip;]<\/p>\n","protected":false},"author":2,"featured_media":4067,"comment_status":"closed","ping_status":"open","sticky":false,"template":"","format":"standard","meta":{"footnotes":""},"categories":[9],"tags":[1157],"_links":{"self":[{"href":"https:\/\/agendadelsur.com\/index.php\/wp-json\/wp\/v2\/posts\/4066"}],"collection":[{"href":"https:\/\/agendadelsur.com\/index.php\/wp-json\/wp\/v2\/posts"}],"about":[{"href":"https:\/\/agendadelsur.com\/index.php\/wp-json\/wp\/v2\/types\/post"}],"author":[{"embeddable":true,"href":"https:\/\/agendadelsur.com\/index.php\/wp-json\/wp\/v2\/users\/2"}],"replies":[{"embeddable":true,"href":"https:\/\/agendadelsur.com\/index.php\/wp-json\/wp\/v2\/comments?post=4066"}],"version-history":[{"count":1,"href":"https:\/\/agendadelsur.com\/index.php\/wp-json\/wp\/v2\/posts\/4066\/revisions"}],"predecessor-version":[{"id":4068,"href":"https:\/\/agendadelsur.com\/index.php\/wp-json\/wp\/v2\/posts\/4066\/revisions\/4068"}],"wp:featuredmedia":[{"embeddable":true,"href":"https:\/\/agendadelsur.com\/index.php\/wp-json\/wp\/v2\/media\/4067"}],"wp:attachment":[{"href":"https:\/\/agendadelsur.com\/index.php\/wp-json\/wp\/v2\/media?parent=4066"}],"wp:term":[{"taxonomy":"category","embeddable":true,"href":"https:\/\/agendadelsur.com\/index.php\/wp-json\/wp\/v2\/categories?post=4066"},{"taxonomy":"post_tag","embeddable":true,"href":"https:\/\/agendadelsur.com\/index.php\/wp-json\/wp\/v2\/tags?post=4066"}],"curies":[{"name":"wp","href":"https:\/\/api.w.org\/{rel}","templated":true}]}}