{"id":40989,"date":"2023-10-30T15:59:20","date_gmt":"2023-10-30T18:59:20","guid":{"rendered":"https:\/\/agendadelsur.com\/?p=40989"},"modified":"2023-10-30T15:59:21","modified_gmt":"2023-10-30T18:59:21","slug":"el-ministro-filmus-recorrio-los-laboratorios-de-la-undav-junto-al-rector-calzoni","status":"publish","type":"post","link":"https:\/\/agendadelsur.com\/index.php\/2023\/10\/30\/el-ministro-filmus-recorrio-los-laboratorios-de-la-undav-junto-al-rector-calzoni\/","title":{"rendered":"El ministro Filmus recorri\u00f3 los laboratorios de la UNDAV junto al rector Calzoni\u00a0\u00a0\u00a0\u00a0\u00a0\u00a0\u00a0\u00a0\u00a0\u00a0\u00a0\u00a0\u00a0\u00a0\u00a0"},"content":{"rendered":"\n<h6 class=\"wp-block-heading\">El titular de la cartera de Ciencia visit\u00f3 la Sede Pi\u00f1eyro, donde ya se encuentran funcionando los equipos adjudicados por el programa Equipar Ciencia.<\/h6>\n\n\n<div class=\"wp-block-image\">\n<figure class=\"aligncenter size-full\"><img loading=\"lazy\" decoding=\"async\" width=\"500\" height=\"334\" src=\"https:\/\/agendadelsur.com\/wp-content\/uploads\/2023\/10\/1a1408c2-a52d-e2e7-f2c3-5937a78c961b.jpg\" alt=\"\" class=\"wp-image-40990\" srcset=\"https:\/\/agendadelsur.com\/wp-content\/uploads\/2023\/10\/1a1408c2-a52d-e2e7-f2c3-5937a78c961b.jpg 500w, https:\/\/agendadelsur.com\/wp-content\/uploads\/2023\/10\/1a1408c2-a52d-e2e7-f2c3-5937a78c961b-300x200.jpg 300w\" sizes=\"(max-width: 500px) 100vw, 500px\" \/><\/figure><\/div>\n\n\n<p>El ministro de Ciencia, Tecnolog\u00eda e Innovaci\u00f3n Productiva de la Naci\u00f3n, Daniel Filmus, visit\u00f3 la Universidad Nacional de Avellaneda (UNDAV) en la tarde del jueves 26 de octubre, y, junto al rector, Ing. Jorge Calzoni, recorri\u00f3 los laboratorios donde ya se encuentran funcionando los equipos adjudicados a la casa de estudios por el programa federal Equipar Ciencia.<\/p>\n\n\n\n<p>Dentro de la primera etapa de dicho plan se incorpor\u00f3 un sistema de microscop\u00eda avanzada \u00f3ptica para AFM. En tanto que en el \u201cEquipar II\u201d se incluye un sistema de cromatograf\u00eda l\u00edquida de ultra performance y en el \u201cEquipar III\u201d un l\u00e1ser gaseoso y l\u00e1mpara (sistema de fotoespectometr\u00eda molecular combinada) y un espectroradi\u00f3metro port\u00e1til.<\/p>\n\n\n\n<p>De la recorrida tambi\u00e9n participaron el subsecretario de Coordinaci\u00f3n Institucional de la cartera de Ciencia, Dr. Pablo N\u00fa\u00f1ez; y la secretaria de Investigaci\u00f3n y Vinculaci\u00f3n Tecnol\u00f3gica e Institucional, Dra. Patricia Domench. En dicho marco, el ministro Filmus se interioriz\u00f3 acerca de las diferentes investigaciones que la UNDAV lleva a cabo y en el impacto que las mismas tienen en la sociedad.<\/p>\n\n\n\n<p>Seguidamente, junto al Ing. Calzoni y al Dr. N\u00fa\u00f1ez, Filmus realiz\u00f3 un repaso de los principales logros y desaf\u00edos en lo que respecta al sector de la ciencia y la tecnolog\u00eda y dialog\u00f3 con los y las investigadoras e investigadores de la Universidad.<\/p>\n\n\n\n<p>\u201cNos parece importante poner en valor todo lo que se construy\u00f3 en esta etapa en un momento en que se est\u00e1 discutiendo la propia supervivencia del sistema cient\u00edfico \u2013 tecnol\u00f3gico\u201d, advirti\u00f3. Y agreg\u00f3: \u201cArgentina, con orgullo, puede decir que tiene un desarrollo hist\u00f3rico, un aparato cient\u00edfico tecnol\u00f3gico y una ciencia soberana\u201d. &#8220;Somos el primer pa\u00eds en sat\u00e9lites en Am\u00e9rica Latina&#8221;, se\u00f1al\u00f3 a modo de ejemplo.<\/p>\n\n\n<div class=\"wp-block-image\">\n<figure class=\"aligncenter size-full\"><img loading=\"lazy\" decoding=\"async\" width=\"500\" height=\"334\" src=\"https:\/\/agendadelsur.com\/wp-content\/uploads\/2023\/10\/c1101723-065b-2274-6676-d62b1886cf8f.jpg\" alt=\"\" class=\"wp-image-40991\" srcset=\"https:\/\/agendadelsur.com\/wp-content\/uploads\/2023\/10\/c1101723-065b-2274-6676-d62b1886cf8f.jpg 500w, https:\/\/agendadelsur.com\/wp-content\/uploads\/2023\/10\/c1101723-065b-2274-6676-d62b1886cf8f-300x200.jpg 300w\" sizes=\"(max-width: 500px) 100vw, 500px\" \/><\/figure><\/div>\n\n\n<p>En este sentido, recalc\u00f3: \u201cHace dos semanas se vot\u00f3 una ley que es un hecho hist\u00f3rico para la Argentina: el Plan Nacional de Ciencia, Tecnolog\u00eda e Innovaci\u00f3n 2030. Por primera vez Argentina tiene una ley de financiamiento que permite prever c\u00f3mo va a ser el presupuesto y c\u00f3mo son los objetivos locales, provinciales, regionales y nacionales para ciencia y tecnolog\u00eda\u201d.<\/p>\n\n\n\n<p>Asimismo, el Ing. Calzoni afirm\u00f3 que \u201cel tema de la investigaci\u00f3n es un asunto en el cual estamos profundizando, encontrando ejes, para lo cual es muy importante la ayuda del MinCyT\u201d. En esta l\u00ednea de ideas, destac\u00f3 la inversi\u00f3n realizada, tanto en las tres etapas del Programa Equipar Ciencia, como en el Construir Ciencia y el Impactar.<\/p>\n\n\n\n<p>\u201cEl sistema universitario est\u00e1 en una discusi\u00f3n de diferentes cuestiones que nosotros ya estamos aplicando por la juventud de nuestra universidad\u201d, remarc\u00f3.<\/p>\n\n\n\n<p>Finalmente, el Dr. Pablo N\u00fa\u00f1ez hizo hincapi\u00e9 en la ley del Plan Nacional de Ciencia, Tecnolog\u00eda e Innovaci\u00f3n 2030: \u201cLa ley representa una oportunidad que creemos que es verdaderamente hist\u00f3rica para el sector cient\u00edfico y tecnol\u00f3gico universitario porque representa un volumen de inversi\u00f3n y previsibilidad; una posibilidad de crecer en inversi\u00f3n hasta el 2032. Desde el ministerio buscamos diversificar la inversi\u00f3n en t\u00e9rminos de distribuci\u00f3n federal e institucional y en t\u00e9rminos de impacto. Esto permite otro tipo de inversi\u00f3n del sistema cient\u00edfico\u201d.<\/p>\n\n\n\n<p>Del encuentro participaron investigadoras e investigadores, autoridades universitarias, docentes, nodocentes y estudiantes.<\/p>\n\n\n\n<p><\/p>\n\n\n<div class=\"wp-block-image\">\n<figure class=\"aligncenter size-full\"><img loading=\"lazy\" decoding=\"async\" width=\"300\" height=\"250\" src=\"https:\/\/agendadelsur.com\/wp-content\/uploads\/2023\/10\/agenda-del-sur-4.png\" alt=\"\" class=\"wp-image-40993\"\/><\/figure><\/div>\n\n<div class=\"wp-block-image\">\n<figure class=\"aligncenter size-full\"><img loading=\"lazy\" decoding=\"async\" width=\"300\" height=\"250\" src=\"https:\/\/agendadelsur.com\/wp-content\/uploads\/2023\/10\/MODIFICADO-web-DestapacionesRomaen_Publi_10x10-Sur-MODIFICADO-300x250-1-1.jpg\" alt=\"\" class=\"wp-image-40994\"\/><\/figure><\/div>","protected":false},"excerpt":{"rendered":"<p>El titular de la cartera de Ciencia visit\u00f3 la Sede Pi\u00f1eyro, donde ya se encuentran funcionando los equipos adjudicados por el programa Equipar Ciencia. El ministro de Ciencia, Tecnolog\u00eda e Innovaci\u00f3n Productiva de la Naci\u00f3n, Daniel Filmus, visit\u00f3 la Universidad Nacional de Avellaneda (UNDAV) en la tarde del jueves 26 de octubre, y, junto al [&hellip;]<\/p>\n","protected":false},"author":2,"featured_media":40992,"comment_status":"closed","ping_status":"open","sticky":false,"template":"","format":"standard","meta":{"footnotes":""},"categories":[4],"tags":[6,12139,48,183],"_links":{"self":[{"href":"https:\/\/agendadelsur.com\/index.php\/wp-json\/wp\/v2\/posts\/40989"}],"collection":[{"href":"https:\/\/agendadelsur.com\/index.php\/wp-json\/wp\/v2\/posts"}],"about":[{"href":"https:\/\/agendadelsur.com\/index.php\/wp-json\/wp\/v2\/types\/post"}],"author":[{"embeddable":true,"href":"https:\/\/agendadelsur.com\/index.php\/wp-json\/wp\/v2\/users\/2"}],"replies":[{"embeddable":true,"href":"https:\/\/agendadelsur.com\/index.php\/wp-json\/wp\/v2\/comments?post=40989"}],"version-history":[{"count":1,"href":"https:\/\/agendadelsur.com\/index.php\/wp-json\/wp\/v2\/posts\/40989\/revisions"}],"predecessor-version":[{"id":40995,"href":"https:\/\/agendadelsur.com\/index.php\/wp-json\/wp\/v2\/posts\/40989\/revisions\/40995"}],"wp:featuredmedia":[{"embeddable":true,"href":"https:\/\/agendadelsur.com\/index.php\/wp-json\/wp\/v2\/media\/40992"}],"wp:attachment":[{"href":"https:\/\/agendadelsur.com\/index.php\/wp-json\/wp\/v2\/media?parent=40989"}],"wp:term":[{"taxonomy":"category","embeddable":true,"href":"https:\/\/agendadelsur.com\/index.php\/wp-json\/wp\/v2\/categories?post=40989"},{"taxonomy":"post_tag","embeddable":true,"href":"https:\/\/agendadelsur.com\/index.php\/wp-json\/wp\/v2\/tags?post=40989"}],"curies":[{"name":"wp","href":"https:\/\/api.w.org\/{rel}","templated":true}]}}