{"id":41001,"date":"2023-10-30T20:03:00","date_gmt":"2023-10-30T23:03:00","guid":{"rendered":"https:\/\/agendadelsur.com\/?p=41001"},"modified":"2023-10-30T20:09:10","modified_gmt":"2023-10-30T23:09:10","slug":"mejoras-en-la-tarjeta-sube","status":"publish","type":"post","link":"https:\/\/agendadelsur.com\/index.php\/2023\/10\/30\/mejoras-en-la-tarjeta-sube\/","title":{"rendered":"Mejoras en la tarjeta SUBE"},"content":{"rendered":"\n<h6 class=\"wp-block-heading\">Los nuevos recursos tecnol\u00f3gicos para el sistema Sube llegan al AMBA y diferentes puntos del pa\u00eds. Ya funcionan en un total de 58 localidades y benefician a m\u00e1s de 14 millones de usuarios.<\/h6>\n\n\n<div class=\"wp-block-image\">\n<figure class=\"aligncenter size-full\"><img loading=\"lazy\" decoding=\"async\" width=\"500\" height=\"280\" src=\"https:\/\/agendadelsur.com\/wp-content\/uploads\/2023\/10\/placa_-_nuevas_soluciones_tecnologicas_sube.jpeg\" alt=\"\" class=\"wp-image-41002\" srcset=\"https:\/\/agendadelsur.com\/wp-content\/uploads\/2023\/10\/placa_-_nuevas_soluciones_tecnologicas_sube.jpeg 500w, https:\/\/agendadelsur.com\/wp-content\/uploads\/2023\/10\/placa_-_nuevas_soluciones_tecnologicas_sube-300x168.jpeg 300w\" sizes=\"(max-width: 500px) 100vw, 500px\" \/><\/figure><\/div>\n\n\n<p>A partir de este lunes e implement\u00f3 la Carga a Bordo en todo el AMBA, permitiendo que millones de usuarios y usuarias puedan validar la carga directamente en el colectivo; sin necesitar un tel\u00e9fono o dirigirse a una terminal autom\u00e1tica, generando un transporte m\u00e1s \u00e1gil y accesible.<\/p>\n\n\n\n<p>Adem\u00e1s, se expandi\u00f3 la @tarjetasube a 58 localidades del pa\u00eds, cifra que se alcanz\u00f3 con las 5 nuevas localidades que se incorporan al sistema: Tornquist, Azul, Concepci\u00f3n del Uruguay, Puerto Madryn y Esquel; llegando a m\u00e1s argentinos y con los atributos sociales.<\/p>\n\n\n\n<p>Con Sube Digital, se actualiz\u00f3 la app SUBE, unificando todas las funciones en un solo lugar para que los usuarios puedan abonar el boleto del colectivo utilizando el tel\u00e9fono que deber\u00e1 tener tecnolog\u00eda NFC y sistema Android 8 o superior.<\/p>\n\n\n\n<p>Se integr\u00f3 el sistema SUBE con el 911 Federal para generar un mecanismo de alerta que proteja tanto a choferes como pasajeros, a trav\u00e9s de un sistema de geolocalizaci\u00f3n, que ya se encuentra implementado en la prov. de Bs As, donde funciona en m\u00e1s de 18.500 unidades y en Rosario.<\/p>\n\n\n\n<p>Se gener\u00f3 una credencial SUBE para que las personas con discapacidad puedan viajar en el transporte p\u00fablico sin necesidad de mostrar el Certificado \u00danico de Discapacidad (CUD) al chofer.<\/p>\n\n\n\n<p>Por \u00faltimo, lanzamos Sube D\u00e9bito para tarjetas del Banco Naci\u00f3n, esto permite tener una misma tarjeta SUBE y de d\u00e9bito para realizar compras y pagar el transporte p\u00fablico.<\/p>\n\n\n\n<p>Ministerio de Transporte de la Naci\u00f3n Argentina<\/p>\n\n\n<div class=\"wp-block-image\">\n<figure class=\"aligncenter size-full is-resized\"><img loading=\"lazy\" decoding=\"async\" width=\"300\" height=\"250\" src=\"https:\/\/agendadelsur.com\/wp-content\/uploads\/2023\/10\/MODIFICADO-web-DestapacionesRomaen_Publi_10x10-Sur-MODIFICADO-300x250-1-1.jpg\" alt=\"\" class=\"wp-image-40994\" style=\"aspect-ratio:1.2;width:368px;height:auto\"\/><\/figure><\/div>\n\n<div class=\"wp-block-image\">\n<figure class=\"aligncenter size-large is-resized\"><img loading=\"lazy\" decoding=\"async\" width=\"1024\" height=\"683\" src=\"https:\/\/agendadelsur.com\/wp-content\/uploads\/2023\/10\/nuevo-A.-CESAR-1-1024x683.jpg\" alt=\"\" class=\"wp-image-41005\" style=\"aspect-ratio:1.499267935578331;width:614px;height:auto\" srcset=\"https:\/\/agendadelsur.com\/wp-content\/uploads\/2023\/10\/nuevo-A.-CESAR-1-1024x683.jpg 1024w, https:\/\/agendadelsur.com\/wp-content\/uploads\/2023\/10\/nuevo-A.-CESAR-1-300x200.jpg 300w, https:\/\/agendadelsur.com\/wp-content\/uploads\/2023\/10\/nuevo-A.-CESAR-1-768x512.jpg 768w, https:\/\/agendadelsur.com\/wp-content\/uploads\/2023\/10\/nuevo-A.-CESAR-1-1536x1024.jpg 1536w, https:\/\/agendadelsur.com\/wp-content\/uploads\/2023\/10\/nuevo-A.-CESAR-1.jpg 1800w\" sizes=\"(max-width: 1024px) 100vw, 1024px\" \/><\/figure><\/div>","protected":false},"excerpt":{"rendered":"<p>Los nuevos recursos tecnol\u00f3gicos para el sistema Sube llegan al AMBA y diferentes puntos del pa\u00eds. Ya funcionan en un total de 58 localidades y benefician a m\u00e1s de 14 millones de usuarios. A partir de este lunes e implement\u00f3 la Carga a Bordo en todo el AMBA, permitiendo que millones de usuarios y usuarias [&hellip;]<\/p>\n","protected":false},"author":2,"featured_media":41007,"comment_status":"closed","ping_status":"open","sticky":false,"template":"","format":"standard","meta":{"footnotes":""},"categories":[4661],"tags":[12142,5165,11378],"_links":{"self":[{"href":"https:\/\/agendadelsur.com\/index.php\/wp-json\/wp\/v2\/posts\/41001"}],"collection":[{"href":"https:\/\/agendadelsur.com\/index.php\/wp-json\/wp\/v2\/posts"}],"about":[{"href":"https:\/\/agendadelsur.com\/index.php\/wp-json\/wp\/v2\/types\/post"}],"author":[{"embeddable":true,"href":"https:\/\/agendadelsur.com\/index.php\/wp-json\/wp\/v2\/users\/2"}],"replies":[{"embeddable":true,"href":"https:\/\/agendadelsur.com\/index.php\/wp-json\/wp\/v2\/comments?post=41001"}],"version-history":[{"count":1,"href":"https:\/\/agendadelsur.com\/index.php\/wp-json\/wp\/v2\/posts\/41001\/revisions"}],"predecessor-version":[{"id":41006,"href":"https:\/\/agendadelsur.com\/index.php\/wp-json\/wp\/v2\/posts\/41001\/revisions\/41006"}],"wp:featuredmedia":[{"embeddable":true,"href":"https:\/\/agendadelsur.com\/index.php\/wp-json\/wp\/v2\/media\/41007"}],"wp:attachment":[{"href":"https:\/\/agendadelsur.com\/index.php\/wp-json\/wp\/v2\/media?parent=41001"}],"wp:term":[{"taxonomy":"category","embeddable":true,"href":"https:\/\/agendadelsur.com\/index.php\/wp-json\/wp\/v2\/categories?post=41001"},{"taxonomy":"post_tag","embeddable":true,"href":"https:\/\/agendadelsur.com\/index.php\/wp-json\/wp\/v2\/tags?post=41001"}],"curies":[{"name":"wp","href":"https:\/\/api.w.org\/{rel}","templated":true}]}}