{"id":41018,"date":"2023-10-30T20:49:44","date_gmt":"2023-10-30T23:49:44","guid":{"rendered":"https:\/\/agendadelsur.com\/?p=41018"},"modified":"2023-10-30T20:49:44","modified_gmt":"2023-10-30T23:49:44","slug":"la-undav-entrego-el-titulo-doctorado-honoris-causa-a-fernando-tauber","status":"publish","type":"post","link":"https:\/\/agendadelsur.com\/index.php\/2023\/10\/30\/la-undav-entrego-el-titulo-doctorado-honoris-causa-a-fernando-tauber\/","title":{"rendered":"La UNDAV entreg\u00f3 el t\u00edtulo Doctorado Honoris Causa a Fernando Tauber\u00a0\u00a0\u00a0\u00a0\u00a0\u00a0\u00a0\u00a0\u00a0\u00a0\u00a0\u00a0\u00a0"},"content":{"rendered":"\n<h6 class=\"wp-block-heading\">El vicepresidente Acad\u00e9mico de la Universidad Nacional de La Plata recibi\u00f3 el distinguido reconocimiento de manos del rector, Ing. Jorge Calzoni.<\/h6>\n\n\n<div class=\"wp-block-image\">\n<figure class=\"aligncenter size-full is-resized\"><img loading=\"lazy\" decoding=\"async\" width=\"700\" height=\"480\" src=\"https:\/\/agendadelsur.com\/wp-content\/uploads\/2023\/10\/unnamed-1-4.jpg\" alt=\"\" class=\"wp-image-41019\" style=\"aspect-ratio:1.4583333333333333;width:604px;height:auto\" srcset=\"https:\/\/agendadelsur.com\/wp-content\/uploads\/2023\/10\/unnamed-1-4.jpg 700w, https:\/\/agendadelsur.com\/wp-content\/uploads\/2023\/10\/unnamed-1-4-300x206.jpg 300w\" sizes=\"(max-width: 700px) 100vw, 700px\" \/><\/figure><\/div>\n\n\n<p>La Universidad Nacional de Avellaneda (UNDAV) llev\u00f3 adelante el acto a trav\u00e9s del cual hizo entrega del Doctorado Honoris Causa al vicepresidente Acad\u00e9mico de la Universidad Nacional de La Plata (UNLP), Dr. Fernando Tauber. Con la presencia del rector, Ing. Jorge Calzoni, la jornada se llev\u00f3 adelante el jueves 26 de octubre en el aula \u201cH\u00e9roes y Hero\u00ednas de Malvinas\u201d de la Sede Espa\u00f1a.<\/p>\n\n\n\n<p>Tras la proyecci\u00f3n de un material audiovisual de la UNDAV y la UNLP, el rector de la Universidad Nacional de Avellaneda remarc\u00f3 que se trata del primer rector al que se le entrega el Doctorado Honoris Causa y el quinto que otorga nuestra casa de estudios. Previamente, la UNDAV hab\u00eda reconocido con el mismo t\u00edtulo a Cristina Fern\u00e1ndez de Kirchner, Antonio Hugo Caruso, Hebe de Bonafini y Estela de Carlotto.<\/p>\n\n\n\n<p>\u201cEn su nombre reconocemos a aquellos que construyeron durante tantos a\u00f1os de trabajo esta universidad p\u00fablica argentina que hoy es respetada y valorada en el mundo\u201d, resalt\u00f3 Calzoni. Y agreg\u00f3: \u201cPara nosotros es una satisfacci\u00f3n homenajear a Fernando porque la Universidad Nacional de La Plata es una referencia para todo el sistema universitario y queremos continuar trabajando en conjunto\u201d.<\/p>\n\n\n\n<p>A continuaci\u00f3n, la vicedecana del Departamento de Cultura, Arte y Comunicaci\u00f3n, Prof. Liliana Conles, dio lectura a la Resoluci\u00f3n N\u00b0 508\/2023 aprobada por el Consejo Superior&nbsp; de la UNDAV y a los considerandos del Doctorado Honoris Causa.&nbsp;<\/p>\n\n\n\n<p>Tras recibir el t\u00edtulo Doctor Honoris Causa y una medalla conmemorativa de manos del Ing. Calzoni, Fernando Tauber agradeci\u00f3 especialmente a los representantes de los distintos claustros de la UNDAV \u201cpor el reconocimiento y el trabajo conjunto de tantos a\u00f1os\u201d.<\/p>\n\n\n\n<p>El vicepresidente de la UNLP aprovech\u00f3 para recordar que \u201cla Reforma de 1918 fue la \u00faltima gran reforma del sistema universitario de alcance continental, y sus postulados fueron los que terminaron de modelar nuestra Universidad actual. En estos tiempos complejos, aquellas ideas nos orientan en la vigencia de nuestro modelo, pero tambi\u00e9n en la responsabilidad de asumir un nuevo rol\u201d.<\/p>\n\n\n\n<p>\u201cPor eso esa Universidad de la Reforma ya no es suficiente; la Argentina necesita soberan\u00eda y eso se construye con conocimiento, que no est\u00e1 en otro lado que en las Universidades. Tenemos que sumar la producci\u00f3n y el trabajo a los viejos pilares de ense\u00f1anza, investigaci\u00f3n, extensi\u00f3n y transferencia\u201d, asegur\u00f3.<\/p>\n\n\n\n<p>En esa l\u00ednea, Tauber a\u00f1adi\u00f3: \u201cEl Estado muchas veces se atrasa en las pol\u00edticas p\u00fablicas y las universidades no deben esperar. Si aquellas pol\u00edticas nos representan, tenemos que ser los primeros en encolumnarnos para que sean m\u00e1s eficientes; pero si esas soluciones no llegan, nosotros tenemos las herramientas suficientes para aportarlas\u201d.<\/p>\n\n\n\n<p>\u201cEl pa\u00eds tiene que construir soberan\u00eda desde el conocimiento y nosotros estamos obligados a dar respuestas porque tenemos este insumo\u201d, dijo Tauber. Y concluy\u00f3: \u201cEl modelo de universidad p\u00fablica argentina de los pr\u00f3ximos a\u00f1os est\u00e1 plagado de obligaciones y por eso nos tenemos que unir para hacer m\u00e1s eficaz nuestro trabajo. Tenemos que resolver en conjunto todos los temas que no puede ni quiere resolver el privado ni el Estado. La Universidad de nuestros d\u00edas es una Universidad con mucho compromiso y muy orientada\u201d.<\/p>\n\n\n\n<p><\/p>\n\n\n<div class=\"wp-block-image\">\n<figure class=\"aligncenter size-full is-resized\"><img loading=\"lazy\" decoding=\"async\" width=\"300\" height=\"300\" src=\"https:\/\/agendadelsur.com\/wp-content\/uploads\/2023\/10\/CRISTALDO-1-2.jpg\" alt=\"\" class=\"wp-image-41020\" style=\"aspect-ratio:1;width:388px;height:auto\" srcset=\"https:\/\/agendadelsur.com\/wp-content\/uploads\/2023\/10\/CRISTALDO-1-2.jpg 300w, https:\/\/agendadelsur.com\/wp-content\/uploads\/2023\/10\/CRISTALDO-1-2-150x150.jpg 150w\" sizes=\"(max-width: 300px) 100vw, 300px\" \/><\/figure><\/div>","protected":false},"excerpt":{"rendered":"<p>El vicepresidente Acad\u00e9mico de la Universidad Nacional de La Plata recibi\u00f3 el distinguido reconocimiento de manos del rector, Ing. Jorge Calzoni. La Universidad Nacional de Avellaneda (UNDAV) llev\u00f3 adelante el acto a trav\u00e9s del cual hizo entrega del Doctorado Honoris Causa al vicepresidente Acad\u00e9mico de la Universidad Nacional de La Plata (UNLP), Dr. Fernando Tauber. [&hellip;]<\/p>\n","protected":false},"author":2,"featured_media":41019,"comment_status":"closed","ping_status":"open","sticky":false,"template":"","format":"standard","meta":{"footnotes":""},"categories":[4],"tags":[6,48,183],"_links":{"self":[{"href":"https:\/\/agendadelsur.com\/index.php\/wp-json\/wp\/v2\/posts\/41018"}],"collection":[{"href":"https:\/\/agendadelsur.com\/index.php\/wp-json\/wp\/v2\/posts"}],"about":[{"href":"https:\/\/agendadelsur.com\/index.php\/wp-json\/wp\/v2\/types\/post"}],"author":[{"embeddable":true,"href":"https:\/\/agendadelsur.com\/index.php\/wp-json\/wp\/v2\/users\/2"}],"replies":[{"embeddable":true,"href":"https:\/\/agendadelsur.com\/index.php\/wp-json\/wp\/v2\/comments?post=41018"}],"version-history":[{"count":1,"href":"https:\/\/agendadelsur.com\/index.php\/wp-json\/wp\/v2\/posts\/41018\/revisions"}],"predecessor-version":[{"id":41021,"href":"https:\/\/agendadelsur.com\/index.php\/wp-json\/wp\/v2\/posts\/41018\/revisions\/41021"}],"wp:featuredmedia":[{"embeddable":true,"href":"https:\/\/agendadelsur.com\/index.php\/wp-json\/wp\/v2\/media\/41019"}],"wp:attachment":[{"href":"https:\/\/agendadelsur.com\/index.php\/wp-json\/wp\/v2\/media?parent=41018"}],"wp:term":[{"taxonomy":"category","embeddable":true,"href":"https:\/\/agendadelsur.com\/index.php\/wp-json\/wp\/v2\/categories?post=41018"},{"taxonomy":"post_tag","embeddable":true,"href":"https:\/\/agendadelsur.com\/index.php\/wp-json\/wp\/v2\/tags?post=41018"}],"curies":[{"name":"wp","href":"https:\/\/api.w.org\/{rel}","templated":true}]}}