{"id":41057,"date":"2023-10-31T21:21:45","date_gmt":"2023-11-01T00:21:45","guid":{"rendered":"https:\/\/agendadelsur.com\/?p=41057"},"modified":"2023-10-31T21:21:45","modified_gmt":"2023-11-01T00:21:45","slug":"salva-tu-piel","status":"publish","type":"post","link":"https:\/\/agendadelsur.com\/index.php\/2023\/10\/31\/salva-tu-piel\/","title":{"rendered":"Salv\u00e1 tu Piel"},"content":{"rendered":"\n<h6 class=\"wp-block-heading\">Se har\u00e1n chequeos gratuitos de lunares para la concientizaci\u00f3n, detecci\u00f3n y prevenci\u00f3n del c\u00e1ncer de piel.<\/h6>\n\n\n<div class=\"wp-block-image\">\n<figure class=\"aligncenter size-full is-resized\"><img loading=\"lazy\" decoding=\"async\" width=\"700\" height=\"480\" src=\"https:\/\/agendadelsur.com\/wp-content\/uploads\/2023\/10\/396477132_750724073764470_8378866253181465694_n.jpg\" alt=\"\" class=\"wp-image-41058\" style=\"aspect-ratio:1.4583333333333333;width:492px;height:auto\" srcset=\"https:\/\/agendadelsur.com\/wp-content\/uploads\/2023\/10\/396477132_750724073764470_8378866253181465694_n.jpg 700w, https:\/\/agendadelsur.com\/wp-content\/uploads\/2023\/10\/396477132_750724073764470_8378866253181465694_n-300x206.jpg 300w\" sizes=\"(max-width: 700px) 100vw, 700px\" \/><\/figure><\/div>\n\n\n<p>Acercate a los puntos de atenci\u00f3n en estos horarios: de 11 a 14hs y de 15 a 19hs<\/p>\n\n\n\n<p>Mi\u00e9rcoles 1 y jueves 2 de noviembre<\/p>\n\n\n\n<ul>\n<li>Parque Dom\u00ednico, Mitre y Darwin #VillaDom\u00ednico<\/li>\n<\/ul>\n\n\n\n<p>Viernes 3, s\u00e1bado 4 y domingo 5 de noviembre<\/p>\n\n\n\n<ul>\n<li>Parque del F\u00fatbol, Col\u00f3n y Milito #AvellanedaCentro<\/li>\n<\/ul>\n\n\n<div class=\"wp-block-image\">\n<figure class=\"aligncenter size-full is-resized\"><img loading=\"lazy\" decoding=\"async\" width=\"340\" height=\"313\" src=\"https:\/\/agendadelsur.com\/wp-content\/uploads\/2023\/10\/AVISO-CRISTAL-PDF-2.jpg\" alt=\"\" class=\"wp-image-40962\" style=\"aspect-ratio:1.0862619808306708;width:354px;height:auto\" srcset=\"https:\/\/agendadelsur.com\/wp-content\/uploads\/2023\/10\/AVISO-CRISTAL-PDF-2.jpg 340w, https:\/\/agendadelsur.com\/wp-content\/uploads\/2023\/10\/AVISO-CRISTAL-PDF-2-300x276.jpg 300w\" sizes=\"(max-width: 340px) 100vw, 340px\" \/><\/figure><\/div>","protected":false},"excerpt":{"rendered":"<p>Se har\u00e1n chequeos gratuitos de lunares para la concientizaci\u00f3n, detecci\u00f3n y prevenci\u00f3n del c\u00e1ncer de piel. Acercate a los puntos de atenci\u00f3n en estos horarios: de 11 a 14hs y de 15 a 19hs Mi\u00e9rcoles 1 y jueves 2 de noviembre Viernes 3, s\u00e1bado 4 y domingo 5 de noviembre<\/p>\n","protected":false},"author":2,"featured_media":41058,"comment_status":"closed","ping_status":"open","sticky":false,"template":"","format":"standard","meta":{"footnotes":""},"categories":[4],"tags":[12159,12160,12158],"_links":{"self":[{"href":"https:\/\/agendadelsur.com\/index.php\/wp-json\/wp\/v2\/posts\/41057"}],"collection":[{"href":"https:\/\/agendadelsur.com\/index.php\/wp-json\/wp\/v2\/posts"}],"about":[{"href":"https:\/\/agendadelsur.com\/index.php\/wp-json\/wp\/v2\/types\/post"}],"author":[{"embeddable":true,"href":"https:\/\/agendadelsur.com\/index.php\/wp-json\/wp\/v2\/users\/2"}],"replies":[{"embeddable":true,"href":"https:\/\/agendadelsur.com\/index.php\/wp-json\/wp\/v2\/comments?post=41057"}],"version-history":[{"count":1,"href":"https:\/\/agendadelsur.com\/index.php\/wp-json\/wp\/v2\/posts\/41057\/revisions"}],"predecessor-version":[{"id":41059,"href":"https:\/\/agendadelsur.com\/index.php\/wp-json\/wp\/v2\/posts\/41057\/revisions\/41059"}],"wp:featuredmedia":[{"embeddable":true,"href":"https:\/\/agendadelsur.com\/index.php\/wp-json\/wp\/v2\/media\/41058"}],"wp:attachment":[{"href":"https:\/\/agendadelsur.com\/index.php\/wp-json\/wp\/v2\/media?parent=41057"}],"wp:term":[{"taxonomy":"category","embeddable":true,"href":"https:\/\/agendadelsur.com\/index.php\/wp-json\/wp\/v2\/categories?post=41057"},{"taxonomy":"post_tag","embeddable":true,"href":"https:\/\/agendadelsur.com\/index.php\/wp-json\/wp\/v2\/tags?post=41057"}],"curies":[{"name":"wp","href":"https:\/\/api.w.org\/{rel}","templated":true}]}}