{"id":41060,"date":"2023-10-31T21:30:36","date_gmt":"2023-11-01T00:30:36","guid":{"rendered":"https:\/\/agendadelsur.com\/?p=41060"},"modified":"2023-10-31T21:34:28","modified_gmt":"2023-11-01T00:34:28","slug":"el-estado-plurinacional-de-bolivia-rompe-relaciones-diplomaticas-con-israel","status":"publish","type":"post","link":"https:\/\/agendadelsur.com\/index.php\/2023\/10\/31\/el-estado-plurinacional-de-bolivia-rompe-relaciones-diplomaticas-con-israel\/","title":{"rendered":"El Estado Plurinacional de Bolivia rompe relaciones diplom\u00e1ticas con Israel"},"content":{"rendered":"\n<h6 class=\"wp-block-heading\">La administraci\u00f3n de Luis Arce consider\u00f3 que el pa\u00eds hebreo comete cr\u00edmenes de guerra en la Franja de Gaza contra el pueblo palestino.<\/h6>\n\n\n<div class=\"wp-block-image\">\n<figure class=\"aligncenter size-full is-resized\"><img loading=\"lazy\" decoding=\"async\" width=\"700\" height=\"480\" src=\"https:\/\/agendadelsur.com\/wp-content\/uploads\/2023\/10\/Sin-titulo-1-6.jpg\" alt=\"\" class=\"wp-image-41061\" style=\"aspect-ratio:1.4583333333333333;width:558px;height:auto\" srcset=\"https:\/\/agendadelsur.com\/wp-content\/uploads\/2023\/10\/Sin-titulo-1-6.jpg 700w, https:\/\/agendadelsur.com\/wp-content\/uploads\/2023\/10\/Sin-titulo-1-6-300x206.jpg 300w\" sizes=\"(max-width: 700px) 100vw, 700px\" \/><figcaption class=\"wp-element-caption\"><em>Anuncio de funcionarios del Gobierno de Bolivia al realizar el anuncio<\/em><\/figcaption><\/figure><\/div>\n\n\n<p>En el marco del principio de respeto a la vida, #Bolivia decide romper relaciones diplom\u00e1ticas con Israel y exige el cese de ataques militares a la Franja de Gaza que a la fecha ha dejado miles de muertos.<\/p>\n\n\n\n<p>La ministra de la Presidencia, Mar\u00eda Nela Prada, junto al vicecanciller, Freddy Mamani, brindaron una conferencia de prensa en la que argumentaron la determinaci\u00f3n,\u00a0consecuente con los principios y prop\u00f3sitos de la carta de Naciones Unidas (ONU), los derechos a la vida, la paz y la libertad y en rechazo a los\u00a0<strong>&#8220;tratos crueles, inhumanos y degradantes&#8221;.<\/strong><\/p>\n\n\n\n<p>Fuente: Rt \/ Embajada de Bolivia en Argentina<\/p>\n","protected":false},"excerpt":{"rendered":"<p>La administraci\u00f3n de Luis Arce consider\u00f3 que el pa\u00eds hebreo comete cr\u00edmenes de guerra en la Franja de Gaza contra el pueblo palestino. En el marco del principio de respeto a la vida, #Bolivia decide romper relaciones diplom\u00e1ticas con Israel y exige el cese de ataques militares a la Franja de Gaza que a la [&hellip;]<\/p>\n","protected":false},"author":2,"featured_media":41061,"comment_status":"closed","ping_status":"open","sticky":false,"template":"","format":"standard","meta":{"footnotes":""},"categories":[576],"tags":[24,12161],"_links":{"self":[{"href":"https:\/\/agendadelsur.com\/index.php\/wp-json\/wp\/v2\/posts\/41060"}],"collection":[{"href":"https:\/\/agendadelsur.com\/index.php\/wp-json\/wp\/v2\/posts"}],"about":[{"href":"https:\/\/agendadelsur.com\/index.php\/wp-json\/wp\/v2\/types\/post"}],"author":[{"embeddable":true,"href":"https:\/\/agendadelsur.com\/index.php\/wp-json\/wp\/v2\/users\/2"}],"replies":[{"embeddable":true,"href":"https:\/\/agendadelsur.com\/index.php\/wp-json\/wp\/v2\/comments?post=41060"}],"version-history":[{"count":2,"href":"https:\/\/agendadelsur.com\/index.php\/wp-json\/wp\/v2\/posts\/41060\/revisions"}],"predecessor-version":[{"id":41064,"href":"https:\/\/agendadelsur.com\/index.php\/wp-json\/wp\/v2\/posts\/41060\/revisions\/41064"}],"wp:featuredmedia":[{"embeddable":true,"href":"https:\/\/agendadelsur.com\/index.php\/wp-json\/wp\/v2\/media\/41061"}],"wp:attachment":[{"href":"https:\/\/agendadelsur.com\/index.php\/wp-json\/wp\/v2\/media?parent=41060"}],"wp:term":[{"taxonomy":"category","embeddable":true,"href":"https:\/\/agendadelsur.com\/index.php\/wp-json\/wp\/v2\/categories?post=41060"},{"taxonomy":"post_tag","embeddable":true,"href":"https:\/\/agendadelsur.com\/index.php\/wp-json\/wp\/v2\/tags?post=41060"}],"curies":[{"name":"wp","href":"https:\/\/api.w.org\/{rel}","templated":true}]}}