{"id":41632,"date":"2023-11-15T21:04:52","date_gmt":"2023-11-16T00:04:52","guid":{"rendered":"https:\/\/agendadelsur.com\/?p=41632"},"modified":"2023-11-15T21:04:53","modified_gmt":"2023-11-16T00:04:53","slug":"visita-al-club-atletico-independiente","status":"publish","type":"post","link":"https:\/\/agendadelsur.com\/index.php\/2023\/11\/15\/visita-al-club-atletico-independiente\/","title":{"rendered":"Visita al Club Atl\u00e9tico Independiente"},"content":{"rendered":"\n<h6 class=\"wp-block-heading\">Este s\u00e1bado se podr\u00e1 visitar a un grande que constituye parte fundamental de nuestra identidad como &#8220;Avellaneda Capital Nacional del F\u00fatbol&#8221;. Independiente abre las puertas del Estadio &#8220;Libertadores de Am\u00e9rica &#8211; Ricardo Enrique Bochini&#8221; para conocer su historia y las instalaciones del &#8220;Rojo de Avellaneda&#8221;. Actividad gratuita &#8211; Cupos limitados<\/h6>\n\n\n<div class=\"wp-block-image\">\n<figure class=\"aligncenter size-full is-resized\"><img loading=\"lazy\" decoding=\"async\" width=\"500\" height=\"500\" src=\"https:\/\/agendadelsur.com\/wp-content\/uploads\/2023\/11\/6-9.jpg\" alt=\"\" class=\"wp-image-41633\" style=\"aspect-ratio:1;width:328px;height:auto\" srcset=\"https:\/\/agendadelsur.com\/wp-content\/uploads\/2023\/11\/6-9.jpg 500w, https:\/\/agendadelsur.com\/wp-content\/uploads\/2023\/11\/6-9-300x300.jpg 300w, https:\/\/agendadelsur.com\/wp-content\/uploads\/2023\/11\/6-9-150x150.jpg 150w\" sizes=\"(max-width: 500px) 100vw, 500px\" \/><\/figure><\/div>\n\n\n<p>S\u00e1bado 18 de Noviembre a las 10 hs.<\/p>\n\n\n\n<p>Punto de encuentro: Parque del F\u00fatbol &#8211; Colon 950, Avellaneda.<\/p>\n\n\n\n<p>Inscripciones abiertas a partir del jueves 16\/11 a las 10 hs: <a href=\"https:\/\/linktr.ee\/avellanedatur\">https:\/\/linktr.ee\/avellanedatur<\/a><\/p>\n\n\n<div class=\"wp-block-image\">\n<figure class=\"aligncenter size-full\"><img loading=\"lazy\" decoding=\"async\" width=\"300\" height=\"300\" src=\"https:\/\/agendadelsur.com\/wp-content\/uploads\/2023\/11\/agenda-del-sur-1.png\" alt=\"\" class=\"wp-image-41583\" srcset=\"https:\/\/agendadelsur.com\/wp-content\/uploads\/2023\/11\/agenda-del-sur-1.png 300w, https:\/\/agendadelsur.com\/wp-content\/uploads\/2023\/11\/agenda-del-sur-1-150x150.png 150w\" sizes=\"(max-width: 300px) 100vw, 300px\" \/><\/figure><\/div>\n\n<div class=\"wp-block-image\">\n<figure class=\"aligncenter size-full\"><img loading=\"lazy\" decoding=\"async\" width=\"300\" height=\"250\" src=\"https:\/\/agendadelsur.com\/wp-content\/uploads\/2023\/11\/MODIFICADO-web-DestapacionesRomaen_Publi_10x10-Sur-MODIFICADO-300x250-1.jpg\" alt=\"\" class=\"wp-image-41362\"\/><\/figure><\/div>","protected":false},"excerpt":{"rendered":"<p>Este s\u00e1bado se podr\u00e1 visitar a un grande que constituye parte fundamental de nuestra identidad como &#8220;Avellaneda Capital Nacional del F\u00fatbol&#8221;. Independiente abre las puertas del Estadio &#8220;Libertadores de Am\u00e9rica &#8211; Ricardo Enrique Bochini&#8221; para conocer su historia y las instalaciones del &#8220;Rojo de Avellaneda&#8221;. Actividad gratuita &#8211; Cupos limitados S\u00e1bado 18 de Noviembre a [&hellip;]<\/p>\n","protected":false},"author":2,"featured_media":41634,"comment_status":"closed","ping_status":"open","sticky":false,"template":"","format":"standard","meta":{"footnotes":""},"categories":[4],"tags":[4767,12327],"_links":{"self":[{"href":"https:\/\/agendadelsur.com\/index.php\/wp-json\/wp\/v2\/posts\/41632"}],"collection":[{"href":"https:\/\/agendadelsur.com\/index.php\/wp-json\/wp\/v2\/posts"}],"about":[{"href":"https:\/\/agendadelsur.com\/index.php\/wp-json\/wp\/v2\/types\/post"}],"author":[{"embeddable":true,"href":"https:\/\/agendadelsur.com\/index.php\/wp-json\/wp\/v2\/users\/2"}],"replies":[{"embeddable":true,"href":"https:\/\/agendadelsur.com\/index.php\/wp-json\/wp\/v2\/comments?post=41632"}],"version-history":[{"count":1,"href":"https:\/\/agendadelsur.com\/index.php\/wp-json\/wp\/v2\/posts\/41632\/revisions"}],"predecessor-version":[{"id":41635,"href":"https:\/\/agendadelsur.com\/index.php\/wp-json\/wp\/v2\/posts\/41632\/revisions\/41635"}],"wp:featuredmedia":[{"embeddable":true,"href":"https:\/\/agendadelsur.com\/index.php\/wp-json\/wp\/v2\/media\/41634"}],"wp:attachment":[{"href":"https:\/\/agendadelsur.com\/index.php\/wp-json\/wp\/v2\/media?parent=41632"}],"wp:term":[{"taxonomy":"category","embeddable":true,"href":"https:\/\/agendadelsur.com\/index.php\/wp-json\/wp\/v2\/categories?post=41632"},{"taxonomy":"post_tag","embeddable":true,"href":"https:\/\/agendadelsur.com\/index.php\/wp-json\/wp\/v2\/tags?post=41632"}],"curies":[{"name":"wp","href":"https:\/\/api.w.org\/{rel}","templated":true}]}}