{"id":42186,"date":"2023-12-01T22:05:51","date_gmt":"2023-12-02T01:05:51","guid":{"rendered":"https:\/\/agendadelsur.com\/?p=42186"},"modified":"2023-12-01T22:05:52","modified_gmt":"2023-12-02T01:05:52","slug":"la-argentina-rechaza-la-visita-de-alto-funcionario-britanico-a-las-islas-malvinas","status":"publish","type":"post","link":"https:\/\/agendadelsur.com\/index.php\/2023\/12\/01\/la-argentina-rechaza-la-visita-de-alto-funcionario-britanico-a-las-islas-malvinas\/","title":{"rendered":"La Argentina Rechaza La Visita de Alto Funcionario Brit\u00e1nico a las Islas Malvinas"},"content":{"rendered":"\n<h6 class=\"wp-block-heading\">El Gobierno argentino rechaza la visita a las Islas Malvinas del Subsecretario de Estado Parlamentario y Ministro para las Am\u00e9ricas, el Caribe y los Territorios de Ultramar del Ministerio de Asuntos Exteriores, Mancomunidad y Desarrollo del Reino Unido, David Rutley.<\/h6>\n\n\n<div class=\"wp-block-image\">\n<figure class=\"aligncenter size-large is-resized\"><img loading=\"lazy\" decoding=\"async\" width=\"1024\" height=\"680\" src=\"https:\/\/agendadelsur.com\/wp-content\/uploads\/2023\/12\/13329319_1098671970195197_5888593529975381145_o-1024x680.jpg\" alt=\"\" class=\"wp-image-42187\" style=\"aspect-ratio:1.5058823529411764;width:610px;height:auto\" srcset=\"https:\/\/agendadelsur.com\/wp-content\/uploads\/2023\/12\/13329319_1098671970195197_5888593529975381145_o-1024x680.jpg 1024w, https:\/\/agendadelsur.com\/wp-content\/uploads\/2023\/12\/13329319_1098671970195197_5888593529975381145_o-300x199.jpg 300w, https:\/\/agendadelsur.com\/wp-content\/uploads\/2023\/12\/13329319_1098671970195197_5888593529975381145_o-768x510.jpg 768w, https:\/\/agendadelsur.com\/wp-content\/uploads\/2023\/12\/13329319_1098671970195197_5888593529975381145_o-1536x1020.jpg 1536w, https:\/\/agendadelsur.com\/wp-content\/uploads\/2023\/12\/13329319_1098671970195197_5888593529975381145_o.jpg 2048w\" sizes=\"(max-width: 1024px) 100vw, 1024px\" \/><\/figure><\/div>\n\n\n<p>Dicha visita tiene lugar en el marco del ejercicio de la ocupaci\u00f3n ilegal brit\u00e1nica de las Islas Malvinas, Georgias del Sur, Sandwich del Sur y los espacios mar\u00edtimos circundantes, que siendo parte integrante del territorio nacional argentino, son objeto de una disputa de soberan\u00eda reconocida por las Naciones Unidas.<\/p>\n\n\n\n<p>El Gobierno argentino reitera&nbsp; que la recuperaci\u00f3n del ejercicio pleno de la soberan\u00eda sobre las Islas Malvinas, Georgias del Sur y Sandwich del Sur y los espacios mar\u00edtimos circundantes, de conformidad con el derecho internacional y respetando el modo de vida de los habitantes de las Islas, constituye una pol\u00edtica de Estado consagrada en su constituci\u00f3n nacional y llama una vez m\u00e1s al Reino Unido&nbsp; a reanudar las negociaciones de soberan\u00eda en cumplimiento de la resoluci\u00f3n 2065(XX) y dem\u00e1s resoluciones de la Asamblea General y su Comit\u00e9 Especial de Descolonizaci\u00f3n.<\/p>\n\n\n\n<p>El Reino Unido debe cumplir con el reiterado mandato de la comunidad internacional y poner fin a la anacr\u00f3nica situaci\u00f3n colonial que mantiene en parte del territorio argentino desde el a\u00f1o 1833.<\/p>\n","protected":false},"excerpt":{"rendered":"<p>El Gobierno argentino rechaza la visita a las Islas Malvinas del Subsecretario de Estado Parlamentario y Ministro para las Am\u00e9ricas, el Caribe y los Territorios de Ultramar del Ministerio de Asuntos Exteriores, Mancomunidad y Desarrollo del Reino Unido, David Rutley. Dicha visita tiene lugar en el marco del ejercicio de la ocupaci\u00f3n ilegal brit\u00e1nica de [&hellip;]<\/p>\n","protected":false},"author":2,"featured_media":42188,"comment_status":"closed","ping_status":"open","sticky":false,"template":"","format":"standard","meta":{"footnotes":""},"categories":[576,9],"tags":[4599],"_links":{"self":[{"href":"https:\/\/agendadelsur.com\/index.php\/wp-json\/wp\/v2\/posts\/42186"}],"collection":[{"href":"https:\/\/agendadelsur.com\/index.php\/wp-json\/wp\/v2\/posts"}],"about":[{"href":"https:\/\/agendadelsur.com\/index.php\/wp-json\/wp\/v2\/types\/post"}],"author":[{"embeddable":true,"href":"https:\/\/agendadelsur.com\/index.php\/wp-json\/wp\/v2\/users\/2"}],"replies":[{"embeddable":true,"href":"https:\/\/agendadelsur.com\/index.php\/wp-json\/wp\/v2\/comments?post=42186"}],"version-history":[{"count":1,"href":"https:\/\/agendadelsur.com\/index.php\/wp-json\/wp\/v2\/posts\/42186\/revisions"}],"predecessor-version":[{"id":42189,"href":"https:\/\/agendadelsur.com\/index.php\/wp-json\/wp\/v2\/posts\/42186\/revisions\/42189"}],"wp:featuredmedia":[{"embeddable":true,"href":"https:\/\/agendadelsur.com\/index.php\/wp-json\/wp\/v2\/media\/42188"}],"wp:attachment":[{"href":"https:\/\/agendadelsur.com\/index.php\/wp-json\/wp\/v2\/media?parent=42186"}],"wp:term":[{"taxonomy":"category","embeddable":true,"href":"https:\/\/agendadelsur.com\/index.php\/wp-json\/wp\/v2\/categories?post=42186"},{"taxonomy":"post_tag","embeddable":true,"href":"https:\/\/agendadelsur.com\/index.php\/wp-json\/wp\/v2\/tags?post=42186"}],"curies":[{"name":"wp","href":"https:\/\/api.w.org\/{rel}","templated":true}]}}