{"id":4286,"date":"2020-10-27T15:54:58","date_gmt":"2020-10-27T18:54:58","guid":{"rendered":"https:\/\/agendadelsur.com\/?p=4286"},"modified":"2020-10-27T15:54:59","modified_gmt":"2020-10-27T18:54:59","slug":"nestor-kirchner-el-hombre-que-cambio-la-patria","status":"publish","type":"post","link":"https:\/\/agendadelsur.com\/index.php\/2020\/10\/27\/nestor-kirchner-el-hombre-que-cambio-la-patria\/","title":{"rendered":"N\u00e9stor Kirchner. El Hombre que Cambi\u00f3 la Patria."},"content":{"rendered":"\n<p>El ex presidente N\u00e9stor Kirchner fue quien impuls\u00f3 y concret\u00f3 las grandes transformaciones de nuestro pa\u00eds a partir del a\u00f1o 2003. Los ideales, las convicciones, la decisi\u00f3n y la fidelidad a sus or\u00edgenes pol\u00edticos e ideol\u00f3gicos fueron los rasgos salientes de su protagonismo. \u201cNo llegu\u00e9 al gobierno para dejar los ideales en la puerta de la Casa Rosada\u201d, hab\u00eda vaticinado al sumir la presidencia en el a\u00f1o 2003.<\/p>\n\n\n\n<p><strong>La gran transformaci\u00f3n<\/strong><\/p>\n\n\n\n<p>Desde el comienzo de su mandato marc\u00f3 mediante hechos concretos la impronta de su gesti\u00f3n, no ceder ante las corporaciones que intentaron desde el primer momento condicionarlo y extorsionarlo como estaban acostumbrados con los gobiernos anteriores.<\/p>\n\n\n\n<p><strong>Algunas de las acciones pol\u00edticas m\u00e1s trascendentes:<\/strong><\/p>\n\n\n\n<p>&#8211; La derogaci\u00f3n de las leyes de la impunidad, que permiti\u00f3 restablecer la justicia para poder avanzar en el juzgamiento de los cr\u00edmenes del terrorismo de Estado.<\/p>\n\n\n\n<p>&#8211; El contundente mensaje -para las Fuerzas Armadas y la sociedad toda- al ordenar descolgar los cuadros de los genocidas Videla y Bignone de las paredes del Colegio Militar.<\/p>\n\n\n\n<p>&#8211; Convertir a la Escuela de Mec\u00e1nica de la Armada, s\u00edmbolo de la tortura y la muerte, en el Museo de la Memoria.<\/p>\n\n\n\n<p>&#8211; Volver a integrar a nuestro pa\u00eds al proyecto Latinoamericano, que tuvo su m\u00e1xima expresi\u00f3n al derrotar de forma categ\u00f3rica \u2013junto al Presidente de Venezuela Hugo Ch\u00e1vez- el plan para instalar el ALCA, que el propio Busch en persona intent\u00f3 imponer en la cumbre de Mar del Plata en el a\u00f1o 2005.<\/p>\n\n\n\n<p>&#8211; El cancelamiento de la deuda externa con el FMI que termin\u00f3&nbsp; con la intromisi\u00f3n humillante de<\/p>\n\n\n\n<p>ese organismo. &nbsp;Al mismo tiempo el pago de la deuda a los tenedores de bonos externos que incluy\u00f3 la quita hist\u00f3rica del 75%.<\/p>\n\n\n\n<p>&#8211; La apertura de los archivos de los servicios secretos, que permiti\u00f3 reorientar el juicio por los atentados sufridos por la comunidad<\/p>\n\n\n\n<p>jud\u00eda en los \u201890.<\/p>\n\n\n\n<p>&#8211; El cambio radical de la pol\u00edtica de Defensa, donde el pa\u00eds empez\u00f3 a tener unas Fuerzas Armadas diferentes, democr\u00e1ticas y sometidas al poder pol\u00edtico por primera vez en su historia.<\/p>\n\n\n\n<p>&#8211; La recuperaci\u00f3n del control p\u00fablico del Correo, de Aguas y de Aerol\u00edneas Argentinas.<\/p>\n\n\n\n<p>&#8211; Un nuevo rol del Banco Central con una pol\u00edtica nacional.<\/p>\n\n\n\n<p>&#8211; El crecimiento econ\u00f3mico sostenido y las medidas implementadas para generar el mercado interno, que permitieron la recuperaci\u00f3n del empleo y fundamentalmente no sufrir las consecuencias de las crisis internacionales.<\/p>\n\n\n\n<p>&#8211; Los m\u00e1s de 2 millones de nuevos jubilados que estaban condenados a no jubilarse, al haberse quedado desocupados por las pol\u00edticas de los noventa.<\/p>\n\n\n\n<p>&#8211; La vuelta de la obra p\u00fablica y los miles de argentino que accedieron a cloacas, agua potable y viviendas.<\/p>\n\n\n\n<p>&#8211; Los m\u00e1s de 600 cient\u00edficos recuperados.<\/p>\n\n\n\n<p>&#8211; El incremento sin precedentes del presupuesto educativo.<\/p>\n\n\n\n<p><strong>Y ya durante el gobierno de Cristina y con su impulso la transformaci\u00f3n continu\u00f3.<\/strong><\/p>\n\n\n\n<p>&#8211; La liquidaci\u00f3n del infame negocio de las AFJP con los bancos, que recuper\u00f3 para el Estado la previsi\u00f3n social.<\/p>\n\n\n\n<p>&#8211; La Ley de Medios que limitaba el poder absoluto de la dictadura period\u00edstica privada y que posibilitaba una nueva comunicaci\u00f3n<\/p>\n\n\n\n<p>plural y democr\u00e1tica<\/p>\n\n\n\n<p>&#8211; La Asignaci\u00f3n Universal por Hijo, que logr\u00f3 reducir un 65% los niveles de pobreza y un 18% la indigencia, en ni\u00f1os y adolescentes y posibilit\u00f3 la vuelta la escuela para miles de chicos.<\/p>\n\n\n\n<p>&#8211; La Ley de matrimonio igualitario y la pol\u00edtica antidiscriminatoria como jam\u00e1s hubo.<\/p>\n\n\n\n<p>&#8211; La continuidad de un crecimiento econ\u00f3mico de los m\u00e1s altos del mundo, con recuperaci\u00f3n industrial, estabilidad de casi una d\u00e9cada y disminuci\u00f3n del desempleo.<\/p>\n\n\n\n<p>Est\u00e1s son s\u00f3lo algunas de las acciones m\u00e1s importes de los cuatro a\u00f1os de su gesti\u00f3n, y los posteriores de Cristina.<\/p>\n\n\n\n<p>Pero la verdadera dimensi\u00f3n de su impronta ha quedado evidenciada en el acontecimiento que provoc\u00f3 su partida f\u00edsica, con la multitud &nbsp;que acudi\u00f3 a la Plaza en esos d\u00edas dejando un mensaje concluyente: la participaci\u00f3n de j\u00f3venes, las banderas argentinas<\/p>\n\n\n\n<p>y las expresiones de esa multitud -que circularon por todo el pa\u00eds- tienen definiciones coincidentes y contundentes como<\/p>\n\n\n\n<p>pocas veces.<\/p>\n\n\n\n<p>As\u00ed, las frases y las palabras m\u00e1s repetidas tuvieron un profundo significado. El reconocimiento a la recuperaci\u00f3n de la dignidad, de la esperanza y de la pol\u00edtica -instaladas en la gran mayor\u00eda del pueblo gracias a \u00e9l- aparecieron continuamente y es el mejor legado que nos qued\u00f3 como sociedad. Y seguramente, para completar est\u00e1 dimensi\u00f3n, es necesario no perder de vista que N\u00e9stor Kirchner no fue un voluntarioso iluminado salido de la nada: N\u00e9stor Kirchner pertenece a la generaci\u00f3n diezmada, la que otorg\u00f3 lo mejor de s\u00ed, la que crey\u00f3 en el hombre nuevo, la que crey\u00f3 que lo imposible era posible, la que crey\u00f3 que con solidaridad, con lucha y con<\/p>\n\n\n\n<p>compromiso se pod\u00eda cambiar el mundo. La generaci\u00f3n que fue la consecuencia natural de aquella visi\u00f3n estrat\u00e9gica y humanista que 60 a\u00f1os antes propuso que: <strong>\u201cEn La Argentina los \u00fanicos privilegiados son los ni\u00f1os\u201d.<\/strong><\/p>\n\n\n\n<p><strong><em>Agenda del Sur<\/em><\/strong><\/p>\n","protected":false},"excerpt":{"rendered":"<p>El ex presidente N\u00e9stor Kirchner fue quien impuls\u00f3 y concret\u00f3 las grandes transformaciones de nuestro pa\u00eds a partir del a\u00f1o 2003. Los ideales, las convicciones, la decisi\u00f3n y la fidelidad a sus or\u00edgenes pol\u00edticos e ideol\u00f3gicos fueron los rasgos salientes de su protagonismo. \u201cNo llegu\u00e9 al gobierno para dejar los ideales en la puerta de [&hellip;]<\/p>\n","protected":false},"author":2,"featured_media":4287,"comment_status":"closed","ping_status":"open","sticky":false,"template":"","format":"standard","meta":{"footnotes":""},"categories":[9],"tags":[1212],"_links":{"self":[{"href":"https:\/\/agendadelsur.com\/index.php\/wp-json\/wp\/v2\/posts\/4286"}],"collection":[{"href":"https:\/\/agendadelsur.com\/index.php\/wp-json\/wp\/v2\/posts"}],"about":[{"href":"https:\/\/agendadelsur.com\/index.php\/wp-json\/wp\/v2\/types\/post"}],"author":[{"embeddable":true,"href":"https:\/\/agendadelsur.com\/index.php\/wp-json\/wp\/v2\/users\/2"}],"replies":[{"embeddable":true,"href":"https:\/\/agendadelsur.com\/index.php\/wp-json\/wp\/v2\/comments?post=4286"}],"version-history":[{"count":1,"href":"https:\/\/agendadelsur.com\/index.php\/wp-json\/wp\/v2\/posts\/4286\/revisions"}],"predecessor-version":[{"id":4288,"href":"https:\/\/agendadelsur.com\/index.php\/wp-json\/wp\/v2\/posts\/4286\/revisions\/4288"}],"wp:featuredmedia":[{"embeddable":true,"href":"https:\/\/agendadelsur.com\/index.php\/wp-json\/wp\/v2\/media\/4287"}],"wp:attachment":[{"href":"https:\/\/agendadelsur.com\/index.php\/wp-json\/wp\/v2\/media?parent=4286"}],"wp:term":[{"taxonomy":"category","embeddable":true,"href":"https:\/\/agendadelsur.com\/index.php\/wp-json\/wp\/v2\/categories?post=4286"},{"taxonomy":"post_tag","embeddable":true,"href":"https:\/\/agendadelsur.com\/index.php\/wp-json\/wp\/v2\/tags?post=4286"}],"curies":[{"name":"wp","href":"https:\/\/api.w.org\/{rel}","templated":true}]}}