{"id":44474,"date":"2024-02-26T15:48:28","date_gmt":"2024-02-26T18:48:28","guid":{"rendered":"https:\/\/agendadelsur.com\/?p=44474"},"modified":"2024-02-26T15:48:29","modified_gmt":"2024-02-26T18:48:29","slug":"milei-elimino-el-fondo-de-fortalecimiento-fiscal-de-la-provincia-de-buenos-aires","status":"publish","type":"post","link":"https:\/\/agendadelsur.com\/index.php\/2024\/02\/26\/milei-elimino-el-fondo-de-fortalecimiento-fiscal-de-la-provincia-de-buenos-aires\/","title":{"rendered":"Milei elimin\u00f3 el Fondo de Fortalecimiento Fiscal de la provincia de Buenos Aires"},"content":{"rendered":"\n<h6 class=\"wp-block-heading\">Hab\u00eda sido creado durante la gesti\u00f3n de Alberto Fern\u00e1ndez y destinaba al distrito un porcentaje de recursos coparticipables adicionales que la ciudad de Buenos Aires recib\u00eda por el traspaso de la Polic\u00eda Federal.<\/h6>\n\n\n<div class=\"wp-block-image\">\n<figure class=\"aligncenter size-full is-resized\"><img loading=\"lazy\" decoding=\"async\" width=\"767\" height=\"431\" src=\"https:\/\/agendadelsur.com\/wp-content\/uploads\/2024\/02\/Foto_20240226_milei-kicillof-767x431-1.jpg\" alt=\"\" class=\"wp-image-44476\" style=\"aspect-ratio:1.7795823665893271;width:549px;height:auto\" srcset=\"https:\/\/agendadelsur.com\/wp-content\/uploads\/2024\/02\/Foto_20240226_milei-kicillof-767x431-1.jpg 767w, https:\/\/agendadelsur.com\/wp-content\/uploads\/2024\/02\/Foto_20240226_milei-kicillof-767x431-1-300x169.jpg 300w\" sizes=\"(max-width: 767px) 100vw, 767px\" \/><\/figure><\/div>\n\n\n<p>El Gobierno nacional dispuso la eliminaci\u00f3n del Fondo de Fortalecimiento Fiscal de la provincia de Buenos Aires, que hab\u00eda sido creado durante la administraci\u00f3n de Alberto Fern\u00e1ndez y destinaba al distrito un porcentaje de recursos coparticipables adicionales que la ciudad de Buenos Aires recib\u00eda por el traspaso de la Polic\u00eda Federal. La medida, publicada este viernes en el Bolet\u00edn Oficial mediante el decreto 192\/2024, se justific\u00f3 debido que aquella decisi\u00f3n adoptada durante la pandemia &#8220;afect\u00f3 los intereses generales de la Naci\u00f3n en su conjunto, privando al Estado Nacional de recursos necesarios para el ordenamiento de las cuentas p\u00fablicas&#8221;.<\/p>\n\n\n<div class=\"wp-block-image\">\n<figure class=\"aligncenter size-full\"><img loading=\"lazy\" decoding=\"async\" width=\"300\" height=\"250\" src=\"https:\/\/agendadelsur.com\/wp-content\/uploads\/2024\/02\/MODIFICADO-web-DestapacionesRomaen_Publi_10x10-Sur-MODIFICADO-300x250-1-2.jpg\" alt=\"\" class=\"wp-image-44335\"\/><\/figure><\/div>\n\n<div class=\"wp-block-image\">\n<figure class=\"aligncenter size-full\"><img loading=\"lazy\" decoding=\"async\" width=\"300\" height=\"300\" src=\"https:\/\/agendadelsur.com\/wp-content\/uploads\/2024\/02\/WEB-2.-1-3.jpg\" alt=\"\" class=\"wp-image-44336\" srcset=\"https:\/\/agendadelsur.com\/wp-content\/uploads\/2024\/02\/WEB-2.-1-3.jpg 300w, https:\/\/agendadelsur.com\/wp-content\/uploads\/2024\/02\/WEB-2.-1-3-150x150.jpg 150w\" sizes=\"(max-width: 300px) 100vw, 300px\" \/><\/figure><\/div>","protected":false},"excerpt":{"rendered":"<p>Hab\u00eda sido creado durante la gesti\u00f3n de Alberto Fern\u00e1ndez y destinaba al distrito un porcentaje de recursos coparticipables adicionales que la ciudad de Buenos Aires recib\u00eda por el traspaso de la Polic\u00eda Federal. El Gobierno nacional dispuso la eliminaci\u00f3n del Fondo de Fortalecimiento Fiscal de la provincia de Buenos Aires, que hab\u00eda sido creado durante [&hellip;]<\/p>\n","protected":false},"author":2,"featured_media":44475,"comment_status":"closed","ping_status":"open","sticky":false,"template":"","format":"standard","meta":{"footnotes":""},"categories":[9,1419],"tags":[12941],"_links":{"self":[{"href":"https:\/\/agendadelsur.com\/index.php\/wp-json\/wp\/v2\/posts\/44474"}],"collection":[{"href":"https:\/\/agendadelsur.com\/index.php\/wp-json\/wp\/v2\/posts"}],"about":[{"href":"https:\/\/agendadelsur.com\/index.php\/wp-json\/wp\/v2\/types\/post"}],"author":[{"embeddable":true,"href":"https:\/\/agendadelsur.com\/index.php\/wp-json\/wp\/v2\/users\/2"}],"replies":[{"embeddable":true,"href":"https:\/\/agendadelsur.com\/index.php\/wp-json\/wp\/v2\/comments?post=44474"}],"version-history":[{"count":1,"href":"https:\/\/agendadelsur.com\/index.php\/wp-json\/wp\/v2\/posts\/44474\/revisions"}],"predecessor-version":[{"id":44477,"href":"https:\/\/agendadelsur.com\/index.php\/wp-json\/wp\/v2\/posts\/44474\/revisions\/44477"}],"wp:featuredmedia":[{"embeddable":true,"href":"https:\/\/agendadelsur.com\/index.php\/wp-json\/wp\/v2\/media\/44475"}],"wp:attachment":[{"href":"https:\/\/agendadelsur.com\/index.php\/wp-json\/wp\/v2\/media?parent=44474"}],"wp:term":[{"taxonomy":"category","embeddable":true,"href":"https:\/\/agendadelsur.com\/index.php\/wp-json\/wp\/v2\/categories?post=44474"},{"taxonomy":"post_tag","embeddable":true,"href":"https:\/\/agendadelsur.com\/index.php\/wp-json\/wp\/v2\/tags?post=44474"}],"curies":[{"name":"wp","href":"https:\/\/api.w.org\/{rel}","templated":true}]}}