{"id":44517,"date":"2024-02-27T16:24:34","date_gmt":"2024-02-27T19:24:34","guid":{"rendered":"https:\/\/agendadelsur.com\/?p=44517"},"modified":"2024-02-27T19:12:04","modified_gmt":"2024-02-27T22:12:04","slug":"27-de-febrero-de-1812-manuel-belgrano-izo-por-primera-vez-nuestra-bandera-nacional","status":"publish","type":"post","link":"https:\/\/agendadelsur.com\/index.php\/2024\/02\/27\/27-de-febrero-de-1812-manuel-belgrano-izo-por-primera-vez-nuestra-bandera-nacional\/","title":{"rendered":"27 de febrero de 1812: Manuel Belgrano iz\u00f3 por primera vez nuestra Bandera Nacional"},"content":{"rendered":"\n<p><strong><em>Mientras en Buenos Aires se dirim\u00eda una feroz&nbsp; disputa entre porte\u00f1os y provincianos y se disolv\u00eda la Junta Grande, expulsando de Buenos Aires a los diputados provinciales a instancia de Bernardino Rivadavia (que predominaba en el Primer Triunvirato), Manuel Belgrano era designado Coronel del Regimiento de Patricios y enviado a Rosario a construir fortificaciones para defender la Patria de una posible invasi\u00f3n desde Montevideo donde estaban consolidados los realistas. All\u00ed es donde Belgrano crea nuestra bandera.<\/em><\/strong><\/p>\n\n\n<div class=\"wp-block-image\">\n<figure class=\"aligncenter size-full is-resized\"><img loading=\"lazy\" decoding=\"async\" width=\"700\" height=\"480\" src=\"https:\/\/agendadelsur.com\/wp-content\/uploads\/2024\/02\/285701744_5620406311303113_719213281012682928_n-AA.jpg\" alt=\"\" class=\"wp-image-44518\" style=\"aspect-ratio:1.4583333333333333;width:600px;height:auto\" srcset=\"https:\/\/agendadelsur.com\/wp-content\/uploads\/2024\/02\/285701744_5620406311303113_719213281012682928_n-AA.jpg 700w, https:\/\/agendadelsur.com\/wp-content\/uploads\/2024\/02\/285701744_5620406311303113_719213281012682928_n-AA-300x206.jpg 300w\" sizes=\"(max-width: 700px) 100vw, 700px\" \/><\/figure><\/div>\n\n\n<p>Sobre las Barrancas del rio Paran\u00e1, Belgrano, construy\u00f3 fortificaciones y bater\u00edas costaneras para la defensa del territorio. As\u00ed, comenz\u00f3 la construcci\u00f3n de una bater\u00eda a la que denomin\u00f3 \u201cLibertad\u201d y otra, en una isla cercana, a la que bautiz\u00f3 \u201cIndependencia\u201d.<\/p>\n\n\n\n<p>Ante la inminente incursi\u00f3n de la escuadra Realista, Belgrano, para elevar la moral de su tropas decidi\u00f3 crear un escarapela azul\/ celeste y blanca para que unificara a los soldados de la Patria y al mismo tiempo los distinguiera del enemigo.<\/p>\n\n\n<div class=\"wp-block-image\">\n<figure class=\"aligncenter size-full\"><img loading=\"lazy\" decoding=\"async\" width=\"400\" height=\"270\" src=\"https:\/\/agendadelsur.com\/wp-content\/uploads\/2024\/02\/Manuel-Belgrano-II-1-1.jpg\" alt=\"\" class=\"wp-image-44520\" srcset=\"https:\/\/agendadelsur.com\/wp-content\/uploads\/2024\/02\/Manuel-Belgrano-II-1-1.jpg 400w, https:\/\/agendadelsur.com\/wp-content\/uploads\/2024\/02\/Manuel-Belgrano-II-1-1-300x203.jpg 300w\" sizes=\"(max-width: 400px) 100vw, 400px\" \/><\/figure><\/div>\n\n\n<p>El 13 de febrero pidi\u00f3 autorizaci\u00f3n al gobierno de Buenos Aires y el 23 habiendo recibido la aprobaci\u00f3n, en donde se le expresa que ser\u00eda tomada como la Escarapela Nacional, Belgrano entrega la Insignia a sus hombres y entusiasmado apuesta por m\u00e1s: el 27 de febrero al inaugurar la segunda bater\u00eda (Independencia), iza una gran banderacon los mismos colores de la escarapela. Consumado el hecho lo comunica a Buenos Aires. Rivadavia recibe la noticia ofuscado, porque izar una bandera significaba una virtual \u201cdeclaraci\u00f3n de independencia\u201d y eso pod\u00eda quitarle protagonismo en las negociaciones con Lord Strangford, embajador ingl\u00e9s, afincado en R\u00edo de Janeiro y encargado de vigilar todo lo que suced\u00eda en el R\u00edo de la Plata y que tuviera importancia para los intereses del imperialismo Brit\u00e1nico. Inmediatamente, el gobierno de Buenos Aires orden\u00f3 a Belgrano que hiciese pasar el hecho por un rapto de entusiasmo, y que ocultar\u00e1 la bandera cuidadosamente.<\/p>\n\n\n<div class=\"wp-block-image\">\n<figure class=\"aligncenter size-full is-resized\"><img loading=\"lazy\" decoding=\"async\" width=\"512\" height=\"336\" src=\"https:\/\/agendadelsur.com\/wp-content\/uploads\/2024\/02\/unnamed-2.jpg\" alt=\"\" class=\"wp-image-44522\" style=\"aspect-ratio:1.8352941176470587;width:612px;height:auto\" srcset=\"https:\/\/agendadelsur.com\/wp-content\/uploads\/2024\/02\/unnamed-2.jpg 512w, https:\/\/agendadelsur.com\/wp-content\/uploads\/2024\/02\/unnamed-2-300x197.jpg 300w\" sizes=\"(max-width: 512px) 100vw, 512px\" \/><\/figure><\/div>\n\n\n<p>Sin embargo, cuando lleg\u00f3 esa comunicaci\u00f3n a Rosario, el General ya se encontraba camino a Jujuy para hacerse cargodel Ejercito del Norte, que acaba de perder para siempre el AltoPer\u00fa (hoy Bolivia).<\/p>\n\n\n\n<p>Al llegar a la Posta de Yatasto, a unos kil\u00f3metros de Tucum\u00e1n, se encuentra con el Ej\u00e9rcito que viene en retirada y recibe una tropa de 1200 hombres, que viene desmoralizada, casi desarmada y mal alimentada. El trabajo de Belgrano ser\u00e1 febril para poneren condiciones ese ej\u00e9rcito y poder marchar a mediados demayo de 1812 hacia Jujuy, donde establece su cuartel general.<\/p>\n\n\n\n<p>All\u00ed festejar\u00e1 el segundo aniversario de la Revoluci\u00f3n de Mayo.<\/p>\n\n\n<div class=\"wp-block-image\">\n<figure class=\"aligncenter size-full\"><img loading=\"lazy\" decoding=\"async\" width=\"624\" height=\"340\" src=\"https:\/\/agendadelsur.com\/wp-content\/uploads\/2024\/02\/Bendicion_de_la_Bandera_en_Jujuy-1-1.jpg\" alt=\"\" class=\"wp-image-44524\" srcset=\"https:\/\/agendadelsur.com\/wp-content\/uploads\/2024\/02\/Bendicion_de_la_Bandera_en_Jujuy-1-1.jpg 624w, https:\/\/agendadelsur.com\/wp-content\/uploads\/2024\/02\/Bendicion_de_la_Bandera_en_Jujuy-1-1-300x163.jpg 300w\" sizes=\"(max-width: 624px) 100vw, 624px\" \/><\/figure><\/div>\n\n\n<p>En la Catedral de la ciudad hace celebrar un Tedeum en donde el sacerdote Juan Ignacio Gorriti bendice la bandera nacional que luego es paseada y llevada al Cabildo con salvas de ca\u00f1ones.<\/p>\n\n\n\n<h6 class=\"wp-block-heading\">Agenda del Sur \/Laila Linares<\/h6>\n","protected":false},"excerpt":{"rendered":"<p>Mientras en Buenos Aires se dirim\u00eda una feroz&nbsp; disputa entre porte\u00f1os y provincianos y se disolv\u00eda la Junta Grande, expulsando de Buenos Aires a los diputados provinciales a instancia de Bernardino Rivadavia (que predominaba en el Primer Triunvirato), Manuel Belgrano era designado Coronel del Regimiento de Patricios y enviado a Rosario a construir fortificaciones para [&hellip;]<\/p>\n","protected":false},"author":2,"featured_media":44525,"comment_status":"closed","ping_status":"open","sticky":false,"template":"","format":"standard","meta":{"footnotes":""},"categories":[1],"tags":[12954,12953,693],"_links":{"self":[{"href":"https:\/\/agendadelsur.com\/index.php\/wp-json\/wp\/v2\/posts\/44517"}],"collection":[{"href":"https:\/\/agendadelsur.com\/index.php\/wp-json\/wp\/v2\/posts"}],"about":[{"href":"https:\/\/agendadelsur.com\/index.php\/wp-json\/wp\/v2\/types\/post"}],"author":[{"embeddable":true,"href":"https:\/\/agendadelsur.com\/index.php\/wp-json\/wp\/v2\/users\/2"}],"replies":[{"embeddable":true,"href":"https:\/\/agendadelsur.com\/index.php\/wp-json\/wp\/v2\/comments?post=44517"}],"version-history":[{"count":5,"href":"https:\/\/agendadelsur.com\/index.php\/wp-json\/wp\/v2\/posts\/44517\/revisions"}],"predecessor-version":[{"id":44533,"href":"https:\/\/agendadelsur.com\/index.php\/wp-json\/wp\/v2\/posts\/44517\/revisions\/44533"}],"wp:featuredmedia":[{"embeddable":true,"href":"https:\/\/agendadelsur.com\/index.php\/wp-json\/wp\/v2\/media\/44525"}],"wp:attachment":[{"href":"https:\/\/agendadelsur.com\/index.php\/wp-json\/wp\/v2\/media?parent=44517"}],"wp:term":[{"taxonomy":"category","embeddable":true,"href":"https:\/\/agendadelsur.com\/index.php\/wp-json\/wp\/v2\/categories?post=44517"},{"taxonomy":"post_tag","embeddable":true,"href":"https:\/\/agendadelsur.com\/index.php\/wp-json\/wp\/v2\/tags?post=44517"}],"curies":[{"name":"wp","href":"https:\/\/api.w.org\/{rel}","templated":true}]}}