{"id":44565,"date":"2024-02-28T21:15:02","date_gmt":"2024-02-29T00:15:02","guid":{"rendered":"https:\/\/agendadelsur.com\/?p=44565"},"modified":"2024-02-28T21:15:03","modified_gmt":"2024-02-29T00:15:03","slug":"obra-publica-bonaerense-avanza-la-repavimentacion-en-la-ruta-n205","status":"publish","type":"post","link":"https:\/\/agendadelsur.com\/index.php\/2024\/02\/28\/obra-publica-bonaerense-avanza-la-repavimentacion-en-la-ruta-n205\/","title":{"rendered":"Obra P\u00fablica Bonaerense: Avanza la repavimentaci\u00f3n en la Ruta N\u00b0205"},"content":{"rendered":"\n<h6 class=\"wp-block-heading\">La intervenci\u00f3n que se desarrolla a lo largo de 15 kil\u00f3metros, entre los partidos de Ezeiza y Ca\u00f1uelas, busca mejorar las condiciones de seguridad vial en el corredor.<\/h6>\n\n\n<div class=\"wp-block-image\">\n<figure class=\"aligncenter is-resized\"><img decoding=\"async\" src=\"https:\/\/www.gba.gob.ar\/sites\/default\/files\/img_infraestructura\/05-min.jpeg\" alt=\"Avanza la obra de repavimentaci\u00f3n en la Ruta N\u00b0205\" style=\"aspect-ratio:1.502145922746781;width:608px;height:auto\" title=\"Avanza la obra de repavimentaci\u00f3n en la Ruta N\u00b0205\"\/><\/figure><\/div>\n\n\n<p>La Direcci\u00f3n de Vialidad de la Provincia de Buenos Aires, dependiente del Ministerio de Infraestructura y Servicios P\u00fablicos, contin\u00faa con la obra de repavimentaci\u00f3n de calzada y banquinas en la Ruta Provincial N\u00b0205, en los partidos de Ezeiza y Ca\u00f1uelas.<\/p>\n\n\n\n<p>La intervenci\u00f3n se desarrolla en el tramo comprendido entre la Ruta Provincial N\u00b058 (en el partido de Ezeiza), y la Ruta Provincial N\u00b06 (en Ca\u00f1uelas), y prev\u00e9 el ensanche, la reconstrucci\u00f3n y el mantenimiento de los puentes existentes.<\/p>\n\n\n\n<figure class=\"wp-block-gallery has-nested-images columns-default is-cropped wp-block-gallery-1 is-layout-flex wp-block-gallery-is-layout-flex\">\n<figure class=\"wp-block-image size-large\"><img loading=\"lazy\" decoding=\"async\" width=\"500\" height=\"333\" data-id=\"44568\" src=\"https:\/\/agendadelsur.com\/wp-content\/uploads\/2024\/02\/01-min.jpeg\" alt=\"\" class=\"wp-image-44568\" srcset=\"https:\/\/agendadelsur.com\/wp-content\/uploads\/2024\/02\/01-min.jpeg 500w, https:\/\/agendadelsur.com\/wp-content\/uploads\/2024\/02\/01-min-300x200.jpeg 300w\" sizes=\"(max-width: 500px) 100vw, 500px\" \/><\/figure>\n\n\n\n<figure class=\"wp-block-image size-large\"><img loading=\"lazy\" decoding=\"async\" width=\"500\" height=\"333\" data-id=\"44567\" src=\"https:\/\/agendadelsur.com\/wp-content\/uploads\/2024\/02\/03-min.jpeg\" alt=\"\" class=\"wp-image-44567\" srcset=\"https:\/\/agendadelsur.com\/wp-content\/uploads\/2024\/02\/03-min.jpeg 500w, https:\/\/agendadelsur.com\/wp-content\/uploads\/2024\/02\/03-min-300x200.jpeg 300w\" sizes=\"(max-width: 500px) 100vw, 500px\" \/><\/figure>\n<\/figure>\n\n\n\n<p>Adem\u00e1s, tambi\u00e9n contempla la puesta en valor de los sistemas de iluminaci\u00f3n y semaforizaci\u00f3n, el reemplazo y colocaci\u00f3n de barandas para defensa vehicular, construcci\u00f3n de nuevas d\u00e1rsenas vehiculares para transporte p\u00fablico, y la construcci\u00f3n de nuevos refugios peatonales. De esta forma, se incrementar\u00e1 la seguridad vial para las y los usuarios que utilicen dicho corredor.<\/p>\n\n\n\n<p>Cabe destacar que esta obra fue licitada a inicios del a\u00f1o 2023, y en julio del mismo a\u00f1o, se firm\u00f3 el acta de inicio.<\/p>\n\n\n<div class=\"wp-block-image\">\n<figure class=\"aligncenter size-full\"><img loading=\"lazy\" decoding=\"async\" width=\"300\" height=\"300\" src=\"https:\/\/agendadelsur.com\/wp-content\/uploads\/2024\/02\/WEB-2.-1-4.jpg\" alt=\"\" class=\"wp-image-44538\" srcset=\"https:\/\/agendadelsur.com\/wp-content\/uploads\/2024\/02\/WEB-2.-1-4.jpg 300w, https:\/\/agendadelsur.com\/wp-content\/uploads\/2024\/02\/WEB-2.-1-4-150x150.jpg 150w\" sizes=\"(max-width: 300px) 100vw, 300px\" \/><\/figure><\/div>\n\n<div class=\"wp-block-image\">\n<figure class=\"aligncenter size-full\"><img loading=\"lazy\" decoding=\"async\" width=\"300\" height=\"250\" src=\"https:\/\/agendadelsur.com\/wp-content\/uploads\/2024\/02\/MODIFICADO-web-DestapacionesRomaen_Publi_10x10-Sur-MODIFICADO-300x250-1-4.jpg\" alt=\"\" class=\"wp-image-44539\"\/><\/figure><\/div>","protected":false},"excerpt":{"rendered":"<p>La intervenci\u00f3n que se desarrolla a lo largo de 15 kil\u00f3metros, entre los partidos de Ezeiza y Ca\u00f1uelas, busca mejorar las condiciones de seguridad vial en el corredor. La Direcci\u00f3n de Vialidad de la Provincia de Buenos Aires, dependiente del Ministerio de Infraestructura y Servicios P\u00fablicos, contin\u00faa con la obra de repavimentaci\u00f3n de calzada y [&hellip;]<\/p>\n","protected":false},"author":2,"featured_media":44566,"comment_status":"closed","ping_status":"open","sticky":false,"template":"","format":"standard","meta":{"footnotes":""},"categories":[1419],"tags":[],"_links":{"self":[{"href":"https:\/\/agendadelsur.com\/index.php\/wp-json\/wp\/v2\/posts\/44565"}],"collection":[{"href":"https:\/\/agendadelsur.com\/index.php\/wp-json\/wp\/v2\/posts"}],"about":[{"href":"https:\/\/agendadelsur.com\/index.php\/wp-json\/wp\/v2\/types\/post"}],"author":[{"embeddable":true,"href":"https:\/\/agendadelsur.com\/index.php\/wp-json\/wp\/v2\/users\/2"}],"replies":[{"embeddable":true,"href":"https:\/\/agendadelsur.com\/index.php\/wp-json\/wp\/v2\/comments?post=44565"}],"version-history":[{"count":1,"href":"https:\/\/agendadelsur.com\/index.php\/wp-json\/wp\/v2\/posts\/44565\/revisions"}],"predecessor-version":[{"id":44569,"href":"https:\/\/agendadelsur.com\/index.php\/wp-json\/wp\/v2\/posts\/44565\/revisions\/44569"}],"wp:featuredmedia":[{"embeddable":true,"href":"https:\/\/agendadelsur.com\/index.php\/wp-json\/wp\/v2\/media\/44566"}],"wp:attachment":[{"href":"https:\/\/agendadelsur.com\/index.php\/wp-json\/wp\/v2\/media?parent=44565"}],"wp:term":[{"taxonomy":"category","embeddable":true,"href":"https:\/\/agendadelsur.com\/index.php\/wp-json\/wp\/v2\/categories?post=44565"},{"taxonomy":"post_tag","embeddable":true,"href":"https:\/\/agendadelsur.com\/index.php\/wp-json\/wp\/v2\/tags?post=44565"}],"curies":[{"name":"wp","href":"https:\/\/api.w.org\/{rel}","templated":true}]}}