{"id":44618,"date":"2024-03-01T00:24:48","date_gmt":"2024-03-01T03:24:48","guid":{"rendered":"https:\/\/agendadelsur.com\/?p=44618"},"modified":"2024-03-01T01:02:50","modified_gmt":"2024-03-01T04:02:50","slug":"llamado-a-impulsar-el-juicio-politico-a-javier-milei","status":"publish","type":"post","link":"https:\/\/agendadelsur.com\/index.php\/2024\/03\/01\/llamado-a-impulsar-el-juicio-politico-a-javier-milei\/","title":{"rendered":"Llamado a impulsar el\u00a0Juicio pol\u00edtico a Javier Milei"},"content":{"rendered":"\n<h6 class=\"wp-block-heading\">Diferentes referentes de la ciencia, &nbsp;la pol\u00edtica y la cultura -entre otros- llaman a impulsar el juicio pol\u00edtico a Javier Milei. Argumentan -entre otros motivos- que el nombrado ha incurrido de manera reiterada en la causal de mal desempe\u00f1o a trav\u00e9s de diversas apariciones p\u00fablicas as\u00ed como en redes sociales de amplia difusi\u00f3n. En ellas, se asocian de manera expl\u00edcita situaciones del \u00e1mbito pol\u00edtico econ\u00f3mico, con graves delitos sexuales as\u00ed como de violaci\u00f3n de la legislaci\u00f3n vigente en materia de discapacidad.<\/h6>\n\n\n<div class=\"wp-block-image\">\n<figure class=\"aligncenter size-full is-resized\"><img loading=\"lazy\" decoding=\"async\" width=\"700\" height=\"480\" src=\"https:\/\/agendadelsur.com\/wp-content\/uploads\/2024\/03\/milei-nuevo.jpg\" alt=\"\" class=\"wp-image-44619\" style=\"aspect-ratio:1.4583333333333333;width:594px;height:auto\" srcset=\"https:\/\/agendadelsur.com\/wp-content\/uploads\/2024\/03\/milei-nuevo.jpg 700w, https:\/\/agendadelsur.com\/wp-content\/uploads\/2024\/03\/milei-nuevo-300x206.jpg 300w\" sizes=\"(max-width: 700px) 100vw, 700px\" \/><\/figure><\/div>\n\n\n<p>El comunicado completo y el link para firmar el pedido.<\/p>\n\n\n\n<p>Adhesi\u00f3n Juicio pol\u00edtico a Javier Milei #bastadediscriminaci\u00f3n<\/p>\n\n\n\n<p>Sr. Presidente de la Honorable C\u00e1mara de Diputados de la Naci\u00f3n<\/p>\n\n\n\n<p>Mart\u00edn Menem<\/p>\n\n\n\n<p>S\/D<\/p>\n\n\n\n<p>Quienes suscribimos la presente, Carlos Alberto Rozanski, Dora Beatriz Barrancos, Liliana Hendel, Bettina Calvi, Natalia Ver\u00f3nica Amatiello, Luisa Kuliok, Nora Schulman, Mar\u00eda Beatriz M\u00fcller y Enrique Stola, con domicilio real en San Juan 2906 2do 2, Rosario pcia. Santa Fe, y domicilio electr\u00f3nico en: <a href=\"juiciopoliticomilei@gmail.com\">juiciopoliticomilei@gmail.com<\/a>, nos presentamos y decimos:<\/p>\n\n\n\n<p>Que venimos a solicitar se someta a juicio pol\u00edtico al presidente de la naci\u00f3n Javier Gerardo Milei.<\/p>\n\n\n\n<p>El nombrado ha incurrido de manera reiterada en la causal de mal desempe\u00f1o a trav\u00e9s de diversas apariciones p\u00fablicas as\u00ed como en aportes deliberados en redes sociales de amplia difusi\u00f3n. En ellas, se asocian de manera expl\u00edcita situaciones del \u00e1mbito pol\u00edtico econ\u00f3mico, con graves delitos sexuales as\u00ed como de violaci\u00f3n de la legislaci\u00f3n vigente en materia de discapacidad.<\/p>\n\n\n\n<p>En efecto, hace apenas unos d\u00edas, Javier Milei tuvo intervenci\u00f3n avalando una imagen del gobernador Ignacio Torres y de los periodistas Eduardo Feinmann, Esteban Trebucq, Luis Majul y Pablo Ignacio Rossi.<\/p>\n\n\n\n<p>En la parte superior de la imagen (se acompa\u00f1a copia impresa) se ve a cuatro adultos en ropa interior y debajo de ellos, una silueta de un ni\u00f1a con cabellos rubios pero su cara reemplazada por el rostro del gobernador de Chubut.<\/p>\n\n\n\n<p>El texto de la publicaci\u00f3n es:<\/p>\n\n\n\n<p>\u201cEn N+ se est\u00e1n cojiend@ al gobernador de Chubut. Torres\u2026<\/p>\n\n\n\n<p>El sitio de la publicaci\u00f3n es:<\/p>\n\n\n\n<p>\u201cFeliX The Memelord = \u00a9 @Felix.\u201d<\/p>\n\n\n\n<p>El texto de la publicaci\u00f3n que valid\u00f3 el presidente con un \u201clike\u201d, resulta inequ\u00edvoco en cuanto a la descripci\u00f3n de la escena. Es expl\u00edcita la alusi\u00f3n a un acto sexual en el que resultar\u00eda protagonista pasivo Ignacio Torres pero en cuerpo de una ni\u00f1a, y activos los periodistas cuyas caras fueron insertadas en los cuerpos de adultos en ropa interior.<\/p>\n\n\n\n<p>No corresponde abundar en esta presentaci\u00f3n en los estragos que causa en nuestra sociedad la pedofilia y en especial en la v\u00edctimas siempre vulnerables e indefensas. Cada diputada y diputado sabe bien c\u00f3mo desde hace d\u00e9cadas ese Congreso de la Naci\u00f3n ha legislado intentando brindar la mejor protecci\u00f3n posible ante ese nivel de tragedia social. Sin embargo, frente a una normativa (constitucional y derivada) que es ejemplo en el mundo, se alza un primer mandatario que exterioriza de manera clara e inequ\u00edvoca, una visi\u00f3n tan opuesta a esas leyes como perversa en su implicancia.<\/p>\n\n\n\n<p>La pedofilia es un delito&nbsp; que afecta cruelmente&nbsp; a las infancias.&nbsp; El hecho de que&nbsp; el presidente&nbsp; de la Naci\u00f3n haga apolog\u00eda de escenas&nbsp; que aluden a actos de abuso sobre la imagen de un ni\u00f1o\/a reviste una gravedad extrema y resulta inaceptable para todos\/as los\/as ciudadanos\/as.<\/p>\n\n\n\n<p>Resulta igualmente claro que la responsabilidad del presidente es directa y personal en su participaci\u00f3n en las redes y difusi\u00f3n de los contenidos en los que interviene. El propio vocero presidencial lo ratific\u00f3 p\u00fablicamente. As\u00ed, en la conferencia de prensa oficial que da el vocero presidencial Manuel Adorni, afirm\u00f3 el 26 de febrero pasado que \u201c\u2026El Presidente Milei usa sus redes sociales, todo el mundo lo sabe; sin community manager y sin intermediarios, como forma de tener una comunicaci\u00f3n directa con la gente\u201d (SIC).<\/p>\n\n\n\n<p>Aclarado eso, resulta ilustrativo recordar algunos antecedentes vinculados a esa particular visi\u00f3n de Milei sobre las agresiones sexuales.<\/p>\n\n\n\n<p>As\u00ed, ha dicho publicamente Javier Milei: \u201cAc\u00e1 el punto es el siguiente. Reconocer qui\u00e9n es nuestro verdadero enemigo. Nuestro verdadero enemigo es el Estado. El Estado es el ped\u00f3filo en el jard\u00edn de infantes, con los nenes encadenados y ba\u00f1ados en vaselina\u201d (SIC). (Canal A 24 Luis Novaressio \u2026.) https:\/\/fb.watch\/obnxv52Fl6\/<\/p>\n\n\n\n<p>Identificar el Estado que \u00e9l mismo encabeza hoy como presidente y en el momento de los dichos como diputado nacional, en una escena de pedofilia con las v\u00edctimas infantiles cubiertas de lubricante y encadenados, es una cuesti\u00f3n muy seria. La manera en que naturaliza uno de los actos de mayor perversi\u00f3n en el ser humano no s\u00f3lo impacta en la subjetividad de quienes lo escuchan (millones), sino que su discurso normaliza grav\u00edsimos delitos.<\/p>\n\n\n\n<p>Asimismo, Refiri\u00e9ndose a la coparticipaci\u00f3n federal de impuestos, afirm\u00f3:<\/p>\n\n\n\n<p>&nbsp;\u201cSuponga que usted tiene una, digamos, o sea, usted tiene una hija y de repente hay alguien que tiene una adicci\u00f3n a tener violaci\u00f3n a mujeres, o sea, y su hija es v\u00edctima, entonces, \u00bfqu\u00e9 va a decir?. Y no, bueno, pero es una soluci\u00f3n m\u00e1s radicalizada. No. Hay que terminar. Hay que terminar. Hay que terminar con el sistema de coparticipaci\u00f3n. Hay que barrerlo. Hay que terminar con esto\u201d (SIC). (2). https:\/\/cdn.jwplayer.com\/previews\/MX0sNRXK (TN 17\/10\/2023)<\/p>\n\n\n\n<p>Al respecto, considerar una \u201cadicci\u00f3n\u201d a las agresiones sexuales, nos muestra como m\u00ednimo la desconexi\u00f3n con la realidad del fen\u00f3meno. A su vez, la comparaci\u00f3n con la coparticipaci\u00f3n de impuestos, evidencia una falta de registro del otro como semejante. Esas reiteradas equivalencias sexualizadas, son igualmente&nbsp; caracter\u00edsticas de las personalidades como las de Milei.<\/p>\n\n\n\n<p>Igualmente, aludiendo en un programa televisivo a las visualizaciones en las redes efectuadas por quienes defini\u00f3 como \u201c3 salames\u201d se\u00f1al\u00f3 textualmente: \u201cSabe qu\u00e9?, mientras que esos miran a la se\u00f1orita por internet, yo estoy en el medio de sus s\u00e1banas\u201d (SIC). (A 24 entrevista Esteban Trebuq 26\/10\/2023) https:\/\/youtu.be\/Kljjb-AyuPI<\/p>\n\n\n\n<p>En esta comparaci\u00f3n, toma distancia de los voyeristas de los que se burla y se ubica a s\u00ed mismo en una concreci\u00f3n del acto entre las s\u00e1banas de una \u201cse\u00f1orita\u201d. Deja de ese modo establecido que su pretendida superioridad moral y est\u00e9tica habilita a su entender la apropiaci\u00f3n de los cuerpos.&nbsp;&nbsp;&nbsp;&nbsp;<\/p>\n\n\n\n<p>Discriminaci\u00f3n<\/p>\n\n\n\n<p>Sumado a lo referido, en las \u00faltimas horas, se conoci\u00f3 una intervenci\u00f3n en la difusi\u00f3n de una publicaci\u00f3n en la que se muestra la imagen del gobernador de la provincia de Chubut, Ignacio Torres modificada con rasgos de una persona con S\u00edndrome de Down (se acompa\u00f1a copia impresa). El texto de la publicaci\u00f3n en la red X encima en la parte superior de la fotograf\u00eda es:<\/p>\n\n\n\n<p>\u201cQUE #NachitoAbriEIGmail SEA TENDENCIA YA\u201d y el sitio es:<\/p>\n\n\n\n<p>\u201cLiberalDeMilei \u00a9 @LIBERALDEMILEL<\/p>\n\n\n\n<p>Para que se tenga una idea de la dimensi\u00f3n de alcance de la publicaci\u00f3n a la que aludi\u00f3 Milei, en s\u00f3lo 24 minutos tuvo 10.200 visualizaciones. Hoy y con la intervenci\u00f3n del presidente de la naci\u00f3n, seguramente deben ser cientos de miles.<\/p>\n\n\n\n<p>Esta nueva brutalidad se vincula con una anterior en la que el presidente Milei se dirige a un economista colega suyo, Roberto Cachanosky. Milei, en un video difundido por La Naci\u00f3n + el 7 de septiembre de 2023 cuando era candidato presidencial le espet\u00f3 a los gritos: &#8220;A ver, pedazo de mog\u00f3lico\u2026En lugar de hacer crecer el liberalismo, lo convertiste en una verg\u00fcenza, hijo de puta. Porqu\u00e9 no te vas a la concha de tu madre, metete tu opini\u00f3n en el orto, fracasado!&#8230;\u201d.<\/p>\n\n\n\n<p>Por supuesto, los citados dichos para insultar al colega, fueron rechazados desde distintos sectores de la comunidad. En especial, la Asociaci\u00f3n S\u00edndrome de Down de la Rep\u00fablica Argentina que hizo p\u00fablico su repudio a los insultos proferidos. En su comunicado,&nbsp; ASDRA invit\u00f3 a la comunidad en general, y en particular a quienes utilizan la palabra mog\u00f3lico como insulto, a conocer su campa\u00f1a nacional \u201cInsultos\u201d donde se plantea que la utilizaci\u00f3n del t\u00e9rmino \u201cmog\u00f3lico\u201d constituye en s\u00ed mismo un acto de discriminaci\u00f3n, tal como lo han expresado personas con s\u00edndrome de Down y sus familias.<\/p>\n\n\n\n<p>&nbsp;&nbsp;&nbsp;&nbsp;&nbsp;&nbsp;&nbsp;&nbsp; Sobre el tema, resulta ilustrativo recordar que el 22 de febrero de 2024, el vocero presidencial Manuel Adorni, anunci\u00f3 en conferencia de prensa el \u201ccierre definitivo\u201d del Instituto Nacional contra la Discriminaci\u00f3n, la Xenofobia y el Racismo (INADI). Se\u00f1al\u00f3 que se trata de una instituci\u00f3n \u201cque no sirve para nada\u201d (SIC). Sintetiz\u00f3 oficialmente el vocero presidencial el pensamiento del presidente de la naci\u00f3n exteriorizado de manera expresa en las referidas intervenciones.<\/p>\n\n\n\n<p>La responsabilidad<\/p>\n\n\n\n<p>Las im\u00e1genes y sonido de las expresiones citadas han recorrido el pa\u00eds y el mundo. A entender de quienes suscribimos, se trata de una situaci\u00f3n que interpela de manera grave y directa a uno de los poderes del Estado: el Poder Ejecutivo de la Naci\u00f3n.<\/p>\n\n\n\n<p>&nbsp;En efecto, el presidente Javier Milei, desde una posici\u00f3n pol\u00edtica de privilegio y de m\u00e1xima responsabilidad estatal, expresa p\u00fablicamente una secuencia de afirmaciones claramente incompatibles con el alto cargo que ocupa y su consiguiente calidad de funcionario p\u00fablico.<\/p>\n\n\n\n<p>La recurrencia de ideaciones que refieren a la violencia sexual y a la pedofilia as\u00ed como a utilizar como insulto condiciones de discapacidad, demuestran una falta de diques an\u00edmicos indispensables para la vida en sociedad y en especial para un correcto desempe\u00f1o institucional.<\/p>\n\n\n\n<p>Su discurso se presenta plagado de representaciones&nbsp;&nbsp;&nbsp; hipersexualizadas, que se&nbsp; caracterizan por escenas de sometimiento que tienen como objeto mujeres, ni\u00f1xs y animales.<\/p>\n\n\n\n<p>Respecto de lo recopilado en esta presentaci\u00f3n, deseamos dejar asentado que la presente no implica diagn\u00f3stico psiqui\u00e1trico o psicol\u00f3gico alguno, el cual seguramente llegar\u00e1 en un futuro cercano en el \u00e1mbito que corresponda. No obstante, resulta claro que las actitudes p\u00fablicas de Javier Milei, denotan un repertorio de violencias expl\u00edcitas que ya no es posible ignorar. Sin embargo, reiteramos que no es intenci\u00f3n de esta presentaci\u00f3n ingresar en el \u00e1mbito que entendemos es de incumbencia del \u00e1rea de la salud mental sino se\u00f1alar que es inadmisible que un presidente de la naci\u00f3n exprese desde su rol, ataques contra las mujeres, las infancias y las discapacidades.<\/p>\n\n\n\n<p>Los graves des\u00f3rdenes de conducta aqu\u00ed rese\u00f1ados, son de reciente data y por su gravedad, trascienden aquellos que requieren una mera objeci\u00f3n o cr\u00edtica.<\/p>\n\n\n\n<p>Igualmente, como ciudadanos\/as nos sentimos profundamente afectados\/as por sus dichos, que impactan en la sensibilidad de todos\/as y muy especialmente ofenden a quienes son v\u00edctimas de esos graves delitos que Milei naturaliza al usarlos como pretendidos \u201ceufemismos\u201d. Es imprescindible reconocer el da\u00f1o emocional y en consecuencia f\u00edsico lanzado sobre el cuerpo de la comunidad toda, en cada individualidad, especialmente en cada persona vinculada directamente a los dolorosos enunciados vertidos por el presidente Javier Milei.<\/p>\n\n\n\n<p>Se debe tener en cuenta adem\u00e1s que los comentarios e im\u00e1genes citados, invaden los medios de comunicaci\u00f3n e impactan en la subjetividad de millones de personas y en las representaciones sobre discapacidad, abusos y violencias.<\/p>\n\n\n\n<p>Cuando esa invasi\u00f3n es avalada nada menos que por el presidente de la naci\u00f3n, la desprotecci\u00f3n de la comunidad es absoluta, por lo que resulta urgente tomar medidas que sostengan un entramado vincular con los l\u00edmites necesarios para conformar una sociedad solidaria. En ese sentido, creemos que el Congreso de la Naci\u00f3n tiene la responsabilidad de preservar a la ciudadan\u00eda de estos discursos y su difusi\u00f3n que al naturalizarse neutralizan su dimensi\u00f3n delictual e incitan a actos graves.<\/p>\n\n\n\n<p>Normativa aplicable<\/p>\n\n\n\n<p>La presente se funda en lo dispuesto en la Constituci\u00f3n Nacional (arts. 53,59 y 60) en lo que respecta al juicio pol\u00edtico del presidente de la naci\u00f3n, as\u00ed como en la normativa internacional (art. 75 inc. 22) respecto de la protecci\u00f3n integral a los Derechos Humanos.<\/p>\n\n\n\n<p>La creciente agresividad del presidente de la naci\u00f3n nos interpela a todos\/as y en especial respecto de la presente, a los y las diputados\/as que tienen encomendada por la Constituci\u00f3n Nacional la tarea de intervenir en situaciones como las aqu\u00ed denunciadas.<\/p>\n\n\n\n<p>Por lo se\u00f1alado, solicitamos a Ud. en su car\u00e1cter de Presidente de ese Alto Cuerpo, se pongan en marcha respecto del presidente Javier Gerardo Milei, los mecanismos de control previstos en la Constituci\u00f3n Nacional y las leyes respectivas.<\/p>\n\n\n\n<p>El Link para adherir al pedido de juicio: <a href=\"https:\/\/docs.google.com\/forms\/d\/e\/1FAIpQLSfM0dHfm_JgiTTelefK1q8M-wk4LZF2giEsLO4JunlYEVLRCA\/viewform\">https:\/\/docs.google.com\/forms\/d\/e\/1FAIpQLSfM0dHfm_JgiTTelefK1q8M-wk4LZF2giEsLO4JunlYEVLRCA\/viewform<\/a><\/p>\n\n\n<div class=\"wp-block-image\">\n<figure class=\"aligncenter size-full is-resized\"><img loading=\"lazy\" decoding=\"async\" width=\"300\" height=\"250\" src=\"https:\/\/agendadelsur.com\/wp-content\/uploads\/2024\/02\/MILLANEL-INT.-1-3.jpg\" alt=\"\" class=\"wp-image-44506\" style=\"aspect-ratio:1.2;width:464px;height:auto\"\/><\/figure><\/div>","protected":false},"excerpt":{"rendered":"<p>Diferentes referentes de la ciencia, &nbsp;la pol\u00edtica y la cultura -entre otros- llaman a impulsar el juicio pol\u00edtico a Javier Milei. Argumentan -entre otros motivos- que el nombrado ha incurrido de manera reiterada en la causal de mal desempe\u00f1o a trav\u00e9s de diversas apariciones p\u00fablicas as\u00ed como en redes sociales de amplia difusi\u00f3n. En ellas, [&hellip;]<\/p>\n","protected":false},"author":2,"featured_media":44629,"comment_status":"closed","ping_status":"open","sticky":false,"template":"","format":"standard","meta":{"footnotes":""},"categories":[9],"tags":[6230,12984,12983],"_links":{"self":[{"href":"https:\/\/agendadelsur.com\/index.php\/wp-json\/wp\/v2\/posts\/44618"}],"collection":[{"href":"https:\/\/agendadelsur.com\/index.php\/wp-json\/wp\/v2\/posts"}],"about":[{"href":"https:\/\/agendadelsur.com\/index.php\/wp-json\/wp\/v2\/types\/post"}],"author":[{"embeddable":true,"href":"https:\/\/agendadelsur.com\/index.php\/wp-json\/wp\/v2\/users\/2"}],"replies":[{"embeddable":true,"href":"https:\/\/agendadelsur.com\/index.php\/wp-json\/wp\/v2\/comments?post=44618"}],"version-history":[{"count":1,"href":"https:\/\/agendadelsur.com\/index.php\/wp-json\/wp\/v2\/posts\/44618\/revisions"}],"predecessor-version":[{"id":44621,"href":"https:\/\/agendadelsur.com\/index.php\/wp-json\/wp\/v2\/posts\/44618\/revisions\/44621"}],"wp:featuredmedia":[{"embeddable":true,"href":"https:\/\/agendadelsur.com\/index.php\/wp-json\/wp\/v2\/media\/44629"}],"wp:attachment":[{"href":"https:\/\/agendadelsur.com\/index.php\/wp-json\/wp\/v2\/media?parent=44618"}],"wp:term":[{"taxonomy":"category","embeddable":true,"href":"https:\/\/agendadelsur.com\/index.php\/wp-json\/wp\/v2\/categories?post=44618"},{"taxonomy":"post_tag","embeddable":true,"href":"https:\/\/agendadelsur.com\/index.php\/wp-json\/wp\/v2\/tags?post=44618"}],"curies":[{"name":"wp","href":"https:\/\/api.w.org\/{rel}","templated":true}]}}