{"id":44886,"date":"2024-03-09T20:22:40","date_gmt":"2024-03-09T23:22:40","guid":{"rendered":"https:\/\/agendadelsur.com\/?p=44886"},"modified":"2024-03-09T20:26:57","modified_gmt":"2024-03-09T23:26:57","slug":"distintas-fuerzas-politicas-rechazaron-el-intento-de-cierre-de-telam","status":"publish","type":"post","link":"https:\/\/agendadelsur.com\/index.php\/2024\/03\/09\/distintas-fuerzas-politicas-rechazaron-el-intento-de-cierre-de-telam\/","title":{"rendered":"Distintas fuerzas pol\u00edticas rechazaron el intento de cierre de T\u00e9lam"},"content":{"rendered":"\n<h6 class=\"wp-block-heading\">Dirigentes de diversos partidos pol\u00edticas rechazaron esta semana el intento de cierre de la agencia de noticias T\u00e9lam por parte del gobierno de Javier Milei. Aseguran que fue \u201ccreada por ley para cumplir un rol esencial y federal\u201d como garantizar \u201cel equilibrio de la informaci\u00f3n\u201d y que cuenta con trabajadores profesionales que \u201cno anteponen\u201d su \u201cideolog\u00eda\u201d al realizar sus tareas.<\/h6>\n\n\n<div class=\"wp-block-image\">\n<figure class=\"aligncenter size-full\"><img loading=\"lazy\" decoding=\"async\" width=\"500\" height=\"375\" src=\"https:\/\/agendadelsur.com\/wp-content\/uploads\/2024\/03\/Sin-titulo-1-5.jpg\" alt=\"\" class=\"wp-image-44887\" srcset=\"https:\/\/agendadelsur.com\/wp-content\/uploads\/2024\/03\/Sin-titulo-1-5.jpg 500w, https:\/\/agendadelsur.com\/wp-content\/uploads\/2024\/03\/Sin-titulo-1-5-300x225.jpg 300w\" sizes=\"(max-width: 500px) 100vw, 500px\" \/><\/figure><\/div>\n\n\n<p>\u201cEl nuevo gobierno debe controlar y ordenar. No puede cerrar la agencia T\u00e9lam que fue creada por ley para cumplir un rol esencial, profesional y federal\u201d, dijo la diputada de Haciendo Coalici\u00f3n Federal (HCF) Margarita Stolbizer, en di\u00e1logo con esta agencia.<\/p>\n\n\n\n<p>La fundadora del GEN repudi\u00f3 la \u201cbrutalidad\u201d y \u201cbestialidad\u201d con la que el vocero presidencial, Manuel Adorni, celebr\u00f3 en sus redes sociales el anuncio del presidente Javier Milei durante la Asamblea Legislativa de querer \u201ccerrar\u201d la empresa, que el lunes pasado por la ma\u00f1ana amaneci\u00f3 con sus dos sedes valladas.<\/p>\n\n\n\n<p>\u201cMi solidaridad con los trabajadores de T\u00e9lam y su familia que ven en riesgo su trabajo y modo de vida\u201d, agreg\u00f3 Stolbizer sobre sus empleados, quienes fueron dispensados hasta el domingo pr\u00f3ximo de cumplir sus tareas por decisi\u00f3n del interventor de la empresa, Diego Chaher.<\/p>\n\n\n\n<p>En esa misma l\u00ednea se expres\u00f3 su compa\u00f1ero de banca Nicol\u00e1s Massot, quien pese a plantear que T\u00e9lam \u201cha cometido un mont\u00f3n de errores\u201d, tambi\u00e9n destac\u00f3 el rol de los periodistas que integran la agencia.<\/p>\n\n\n\n<p>Massot, exjefe de bloque del PRO y que ahora comparte el espacio que lidera el diputado Miguel \u00c1ngel Pichetto, consider\u00f3 que \u201ces mentira\u201d que los periodistas no deben tener creencias pol\u00edticas y subray\u00f3 que \u201cuno es profesional\u201d cuando \u201cno antepone esa ideolog\u00eda a la profesi\u00f3n\u201d.<\/p>\n\n\n\n<p>En tanto, el senador y presidente de la Uni\u00f3n C\u00edvica Radical (UCR), Mart\u00edn Lousteau, tambi\u00e9n repudi\u00f3 el intento de cerrar la agencia y lo enmarc\u00f3 como parte de los \u201cexcesos\u201d que comete el presidente Milei.<\/p>\n\n\n\n<p>\u201cCreo que Milei hace todo de manera excedida. Es todo un exceso permanente. \u00bfEst\u00e1 bien cerrarlo as\u00ed? La gente va trabajar y no la dejan entrar. Hay mucho de humo en esas cosas\u201d, sostuvo en di\u00e1logo con CNN. Adem\u00e1s, el senador radical ponder\u00f3 el rol de las agencias de noticias que \u201chay en todos lados del mundo\u201d y que tienen el objetivo de \u201cdar informaci\u00f3n a los canales y radios del interior y a todos nosotros\u201d.<\/p>\n\n\n\n<p>\u201cPuede ser p\u00fablica o privada. Ac\u00e1 no se decidi\u00f3 ni siquiera privatizarla. Acaba de decidir \u2018se acab\u00f3, se cerr\u00f3\u2019. La gente va a trabajar y no entra\u201d, cuestion\u00f3.<\/p>\n\n\n\n<p>En esa sinton\u00eda se manifest\u00f3 el dirigente radical Ricardo Gil Lavedra, quien se sum\u00f3 al repudio y remarc\u00f3 que \u201cuna agencia de noticias estatal permite la pluralidad de voces y el equilibrio de la informaci\u00f3n en una sociedad democr\u00e1tica\u201d. \u201cEsa debe ser la funci\u00f3n de T\u00e9lam. Mi solidaridad con sus trabajadores\u201d, indic\u00f3 Gil Lavedra en su cuenta de la red social X.<\/p>\n\n\n\n<p>Por su lado, el presidente de la Juventud Radical de la ciudad de Buenos Aires, Agust\u00edn Rombol\u00e1, sostuvo que el intento de cerrar T\u00e9lam \u201crepresenta m\u00e1s que una postura macroecon\u00f3mica\u201d y significa el \u201cabandono a su suerte de trabajadores comprometidos\u201d. \u201cFamilias enteras dedicadas a una vocaci\u00f3n esencial de nuestra democracia, como lo es el periodismo imparcial. Es la renuncia a una Argentina confiable, seria y libre\u201d, dijo Rombol\u00e1 en di\u00e1logo con esta agencia.<\/p>\n\n\n\n<p>Tambi\u00e9n la diputada nacional del Frente de Izquierda Myriam Bregman manifest\u00f3 en sus redes sociales su rechazo a la decisi\u00f3n del Gobierno nacional y anunci\u00f3 la presentaci\u00f3n de un proyecto en la C\u00e1mara de Diputados \u201cen defensa de T\u00e9lam\u201d.<\/p>\n\n\n\n<p>Fuente: <a href=\"https:\/\/somostelam.com.ar\/\">https:\/\/somostelam.com.ar\/<\/a><\/p>\n\n\n<div class=\"wp-block-image\">\n<figure class=\"aligncenter size-full\"><img loading=\"lazy\" decoding=\"async\" width=\"300\" height=\"250\" src=\"https:\/\/agendadelsur.com\/wp-content\/uploads\/2024\/03\/MILLANEL-INT.-1-1.jpg\" alt=\"\" class=\"wp-image-44888\"\/><\/figure><\/div>","protected":false},"excerpt":{"rendered":"<p>Dirigentes de diversos partidos pol\u00edticas rechazaron esta semana el intento de cierre de la agencia de noticias T\u00e9lam por parte del gobierno de Javier Milei. Aseguran que fue \u201ccreada por ley para cumplir un rol esencial y federal\u201d como garantizar \u201cel equilibrio de la informaci\u00f3n\u201d y que cuenta con trabajadores profesionales que \u201cno anteponen\u201d su [&hellip;]<\/p>\n","protected":false},"author":2,"featured_media":44890,"comment_status":"closed","ping_status":"open","sticky":false,"template":"","format":"standard","meta":{"footnotes":""},"categories":[9],"tags":[13022,13063],"_links":{"self":[{"href":"https:\/\/agendadelsur.com\/index.php\/wp-json\/wp\/v2\/posts\/44886"}],"collection":[{"href":"https:\/\/agendadelsur.com\/index.php\/wp-json\/wp\/v2\/posts"}],"about":[{"href":"https:\/\/agendadelsur.com\/index.php\/wp-json\/wp\/v2\/types\/post"}],"author":[{"embeddable":true,"href":"https:\/\/agendadelsur.com\/index.php\/wp-json\/wp\/v2\/users\/2"}],"replies":[{"embeddable":true,"href":"https:\/\/agendadelsur.com\/index.php\/wp-json\/wp\/v2\/comments?post=44886"}],"version-history":[{"count":2,"href":"https:\/\/agendadelsur.com\/index.php\/wp-json\/wp\/v2\/posts\/44886\/revisions"}],"predecessor-version":[{"id":44891,"href":"https:\/\/agendadelsur.com\/index.php\/wp-json\/wp\/v2\/posts\/44886\/revisions\/44891"}],"wp:featuredmedia":[{"embeddable":true,"href":"https:\/\/agendadelsur.com\/index.php\/wp-json\/wp\/v2\/media\/44890"}],"wp:attachment":[{"href":"https:\/\/agendadelsur.com\/index.php\/wp-json\/wp\/v2\/media?parent=44886"}],"wp:term":[{"taxonomy":"category","embeddable":true,"href":"https:\/\/agendadelsur.com\/index.php\/wp-json\/wp\/v2\/categories?post=44886"},{"taxonomy":"post_tag","embeddable":true,"href":"https:\/\/agendadelsur.com\/index.php\/wp-json\/wp\/v2\/tags?post=44886"}],"curies":[{"name":"wp","href":"https:\/\/api.w.org\/{rel}","templated":true}]}}