{"id":44903,"date":"2024-03-11T01:09:44","date_gmt":"2024-03-11T04:09:44","guid":{"rendered":"https:\/\/agendadelsur.com\/?p=44903"},"modified":"2024-03-11T01:11:32","modified_gmt":"2024-03-11T04:11:32","slug":"si-hay-plata-milei-se-aumento-el-sueldo-48","status":"publish","type":"post","link":"https:\/\/agendadelsur.com\/index.php\/2024\/03\/11\/si-hay-plata-milei-se-aumento-el-sueldo-48\/","title":{"rendered":"S\u00ed, hay plata. \u00a0Milei se aument\u00f3 el sueldo 48%"},"content":{"rendered":"\n<h6 class=\"wp-block-heading\">El presidente se incluy\u00f3 a s\u00ed mismo, a su hermana y el resto del Gabinete en el decreto que defini\u00f3 los ingresos del Poder Ejecutivo. Milei dijo que la culpa es de Cristina. La exvicepresidenta le respondi\u00f3 en sus redes sociales.<\/h6>\n\n\n<div class=\"wp-block-image\">\n<figure class=\"aligncenter size-large is-resized\"><img loading=\"lazy\" decoding=\"async\" width=\"808\" height=\"1024\" src=\"https:\/\/agendadelsur.com\/wp-content\/uploads\/2024\/03\/429880025_928173468712585_1170206546491741746_n-808x1024.jpg\" alt=\"\" class=\"wp-image-44904\" style=\"aspect-ratio:0.7890625;width:296px;height:auto\" srcset=\"https:\/\/agendadelsur.com\/wp-content\/uploads\/2024\/03\/429880025_928173468712585_1170206546491741746_n-808x1024.jpg 808w, https:\/\/agendadelsur.com\/wp-content\/uploads\/2024\/03\/429880025_928173468712585_1170206546491741746_n-237x300.jpg 237w, https:\/\/agendadelsur.com\/wp-content\/uploads\/2024\/03\/429880025_928173468712585_1170206546491741746_n-768x974.jpg 768w, https:\/\/agendadelsur.com\/wp-content\/uploads\/2024\/03\/429880025_928173468712585_1170206546491741746_n.jpg 1080w\" sizes=\"(max-width: 808px) 100vw, 808px\" \/><\/figure><\/div>\n\n\n<p>A contramano de su discurso contra la \u00abcasta\u00bb pol\u00edtica, el presidente Javier Milei firm\u00f3 el 28 de febrero pasado un decreto para aumentar su sueldo y el de todo su Gabinete en un 48% en un s\u00f3lo mes. El monto bruto por el trabajo del primer mandatario qued\u00f3 definido en 6.025.945 pesos. En medio de un repudio creciente en redes sociales.<\/p>\n\n\n<div class=\"wp-block-image\">\n<figure class=\"aligncenter size-full\"><img loading=\"lazy\" decoding=\"async\" width=\"300\" height=\"250\" src=\"https:\/\/agendadelsur.com\/wp-content\/uploads\/2024\/03\/MILLANEL-INT.-1-1.jpg\" alt=\"\" class=\"wp-image-44888\"\/><\/figure><\/div>","protected":false},"excerpt":{"rendered":"<p>El presidente se incluy\u00f3 a s\u00ed mismo, a su hermana y el resto del Gabinete en el decreto que defini\u00f3 los ingresos del Poder Ejecutivo. Milei dijo que la culpa es de Cristina. La exvicepresidenta le respondi\u00f3 en sus redes sociales. A contramano de su discurso contra la \u00abcasta\u00bb pol\u00edtica, el presidente Javier Milei firm\u00f3 [&hellip;]<\/p>\n","protected":false},"author":2,"featured_media":44905,"comment_status":"closed","ping_status":"open","sticky":false,"template":"","format":"standard","meta":{"footnotes":""},"categories":[9],"tags":[13066,13067],"_links":{"self":[{"href":"https:\/\/agendadelsur.com\/index.php\/wp-json\/wp\/v2\/posts\/44903"}],"collection":[{"href":"https:\/\/agendadelsur.com\/index.php\/wp-json\/wp\/v2\/posts"}],"about":[{"href":"https:\/\/agendadelsur.com\/index.php\/wp-json\/wp\/v2\/types\/post"}],"author":[{"embeddable":true,"href":"https:\/\/agendadelsur.com\/index.php\/wp-json\/wp\/v2\/users\/2"}],"replies":[{"embeddable":true,"href":"https:\/\/agendadelsur.com\/index.php\/wp-json\/wp\/v2\/comments?post=44903"}],"version-history":[{"count":2,"href":"https:\/\/agendadelsur.com\/index.php\/wp-json\/wp\/v2\/posts\/44903\/revisions"}],"predecessor-version":[{"id":44907,"href":"https:\/\/agendadelsur.com\/index.php\/wp-json\/wp\/v2\/posts\/44903\/revisions\/44907"}],"wp:featuredmedia":[{"embeddable":true,"href":"https:\/\/agendadelsur.com\/index.php\/wp-json\/wp\/v2\/media\/44905"}],"wp:attachment":[{"href":"https:\/\/agendadelsur.com\/index.php\/wp-json\/wp\/v2\/media?parent=44903"}],"wp:term":[{"taxonomy":"category","embeddable":true,"href":"https:\/\/agendadelsur.com\/index.php\/wp-json\/wp\/v2\/categories?post=44903"},{"taxonomy":"post_tag","embeddable":true,"href":"https:\/\/agendadelsur.com\/index.php\/wp-json\/wp\/v2\/tags?post=44903"}],"curies":[{"name":"wp","href":"https:\/\/api.w.org\/{rel}","templated":true}]}}