{"id":45167,"date":"2024-03-18T13:14:10","date_gmt":"2024-03-18T16:14:10","guid":{"rendered":"https:\/\/agendadelsur.com\/?p=45167"},"modified":"2024-03-18T13:14:10","modified_gmt":"2024-03-18T16:14:10","slug":"la-utep-junto-a-otras-organizaciones-sociales-marchan-este-lunes-en-contra-de-las-medidas-de-milei","status":"publish","type":"post","link":"https:\/\/agendadelsur.com\/index.php\/2024\/03\/18\/la-utep-junto-a-otras-organizaciones-sociales-marchan-este-lunes-en-contra-de-las-medidas-de-milei\/","title":{"rendered":"La UTEP junto a otras organizaciones sociales marchan este lunes en contra de las medidas de Milei"},"content":{"rendered":"\n<h6 class=\"wp-block-heading\">La movilizaci\u00f3n de protesta se realiza simult\u00e1neamente en las 23 provincias y en la Ciudad de Buenos Aires a partir de las 10 de la ma\u00f1ana.<\/h6>\n\n\n<div class=\"wp-block-image\">\n<figure class=\"aligncenter size-full\"><img loading=\"lazy\" decoding=\"async\" width=\"500\" height=\"333\" src=\"https:\/\/agendadelsur.com\/wp-content\/uploads\/2024\/03\/430114865_795619259260374_3959254497858623239_n.jpg\" alt=\"\" class=\"wp-image-45168\" srcset=\"https:\/\/agendadelsur.com\/wp-content\/uploads\/2024\/03\/430114865_795619259260374_3959254497858623239_n.jpg 500w, https:\/\/agendadelsur.com\/wp-content\/uploads\/2024\/03\/430114865_795619259260374_3959254497858623239_n-300x200.jpg 300w\" sizes=\"(max-width: 500px) 100vw, 500px\" \/><\/figure><\/div>\n\n\n<p>Vamos a profundizar nuestro plan de lucha frente a la falta absoluta de respuesta del gobierno ante la emergencia alimentaria y el ajuste a la econom\u00eda popular, expres\u00f3 mediante un comunicado la Uni\u00f3n de Trabajadores y Trabajadoras de la Econom\u00eda Popular.<\/p>\n\n\n<div class=\"wp-block-image\">\n<figure class=\"aligncenter size-full is-resized\"><img loading=\"lazy\" decoding=\"async\" width=\"300\" height=\"250\" src=\"https:\/\/agendadelsur.com\/wp-content\/uploads\/2024\/03\/MILLANEL-INT.-1-2.jpg\" alt=\"\" class=\"wp-image-45146\" style=\"aspect-ratio:1.2;width:348px;height:auto\"\/><\/figure><\/div>\n\n<div class=\"wp-block-image\">\n<figure class=\"aligncenter size-full is-resized\"><img loading=\"lazy\" decoding=\"async\" width=\"300\" height=\"250\" src=\"https:\/\/agendadelsur.com\/wp-content\/uploads\/2024\/03\/MODIFICADO-web-DestapacionesRomaen_Publi_10x10-Sur-MODIFICADO-300x250-1-2.jpg\" alt=\"\" class=\"wp-image-45147\" style=\"aspect-ratio:1.2;width:348px;height:auto\"\/><\/figure><\/div>","protected":false},"excerpt":{"rendered":"<p>La movilizaci\u00f3n de protesta se realiza simult\u00e1neamente en las 23 provincias y en la Ciudad de Buenos Aires a partir de las 10 de la ma\u00f1ana. Vamos a profundizar nuestro plan de lucha frente a la falta absoluta de respuesta del gobierno ante la emergencia alimentaria y el ajuste a la econom\u00eda popular, expres\u00f3 mediante [&hellip;]<\/p>\n","protected":false},"author":2,"featured_media":45169,"comment_status":"closed","ping_status":"open","sticky":false,"template":"","format":"standard","meta":{"footnotes":""},"categories":[926,9],"tags":[13124,13125,12977],"_links":{"self":[{"href":"https:\/\/agendadelsur.com\/index.php\/wp-json\/wp\/v2\/posts\/45167"}],"collection":[{"href":"https:\/\/agendadelsur.com\/index.php\/wp-json\/wp\/v2\/posts"}],"about":[{"href":"https:\/\/agendadelsur.com\/index.php\/wp-json\/wp\/v2\/types\/post"}],"author":[{"embeddable":true,"href":"https:\/\/agendadelsur.com\/index.php\/wp-json\/wp\/v2\/users\/2"}],"replies":[{"embeddable":true,"href":"https:\/\/agendadelsur.com\/index.php\/wp-json\/wp\/v2\/comments?post=45167"}],"version-history":[{"count":1,"href":"https:\/\/agendadelsur.com\/index.php\/wp-json\/wp\/v2\/posts\/45167\/revisions"}],"predecessor-version":[{"id":45170,"href":"https:\/\/agendadelsur.com\/index.php\/wp-json\/wp\/v2\/posts\/45167\/revisions\/45170"}],"wp:featuredmedia":[{"embeddable":true,"href":"https:\/\/agendadelsur.com\/index.php\/wp-json\/wp\/v2\/media\/45169"}],"wp:attachment":[{"href":"https:\/\/agendadelsur.com\/index.php\/wp-json\/wp\/v2\/media?parent=45167"}],"wp:term":[{"taxonomy":"category","embeddable":true,"href":"https:\/\/agendadelsur.com\/index.php\/wp-json\/wp\/v2\/categories?post=45167"},{"taxonomy":"post_tag","embeddable":true,"href":"https:\/\/agendadelsur.com\/index.php\/wp-json\/wp\/v2\/tags?post=45167"}],"curies":[{"name":"wp","href":"https:\/\/api.w.org\/{rel}","templated":true}]}}