{"id":45515,"date":"2024-03-25T20:01:29","date_gmt":"2024-03-25T23:01:29","guid":{"rendered":"https:\/\/agendadelsur.com\/?p=45515"},"modified":"2024-03-25T20:16:41","modified_gmt":"2024-03-25T23:16:41","slug":"dia-nacional-de-la-memoria-por-la-verdad-y-la-justicia","status":"publish","type":"post","link":"https:\/\/agendadelsur.com\/index.php\/2024\/03\/25\/dia-nacional-de-la-memoria-por-la-verdad-y-la-justicia\/","title":{"rendered":"D\u00eda Nacional de la Memoria por la Verdad y la Justicia"},"content":{"rendered":"\n<h6 class=\"wp-block-heading\">La Instituci\u00f3n del Doke -como lo hace habitualmente en esta fecha- adhiri\u00f3 a la conmemoraci\u00f3n, y poste\u00f3 en sus redes sociales:<\/h6>\n\n\n<div class=\"wp-block-image\">\n<figure class=\"aligncenter size-full is-resized\"><img loading=\"lazy\" decoding=\"async\" width=\"700\" height=\"480\" src=\"https:\/\/agendadelsur.com\/wp-content\/uploads\/2024\/03\/1-21.jpg\" alt=\"\" class=\"wp-image-45516\" style=\"aspect-ratio:1.4583333333333333;width:514px;height:auto\" srcset=\"https:\/\/agendadelsur.com\/wp-content\/uploads\/2024\/03\/1-21.jpg 700w, https:\/\/agendadelsur.com\/wp-content\/uploads\/2024\/03\/1-21-300x206.jpg 300w\" sizes=\"(max-width: 700px) 100vw, 700px\" \/><\/figure><\/div>\n\n\n<p>Se cumplen 48 a\u00f1os del golpe c\u00edvico-militar en nuestro pa\u00eds y desde el Club Sportivo Dock Sud volvemos a decir como cada 24 de Marzo &#8220;NUNCA M\u00c1S&#8221;.<\/p>\n\n\n\n<p>#MEMORIA #VERDAD #JUSTICIA<\/p>\n\n\n\n<p>Club Sportivo Dock Sud<\/p>\n\n\n<div class=\"wp-block-image\">\n<figure class=\"aligncenter size-full\"><img loading=\"lazy\" decoding=\"async\" width=\"300\" height=\"250\" src=\"https:\/\/agendadelsur.com\/wp-content\/uploads\/2024\/03\/MILLANEL-INT.-1-3.jpg\" alt=\"\" class=\"wp-image-45356\"\/><\/figure><\/div>\n\n<div class=\"wp-block-image\">\n<figure class=\"aligncenter size-full\"><img loading=\"lazy\" decoding=\"async\" width=\"300\" height=\"250\" src=\"https:\/\/agendadelsur.com\/wp-content\/uploads\/2024\/03\/agenda-del-sur-3.png\" alt=\"\" class=\"wp-image-45355\"\/><\/figure><\/div>","protected":false},"excerpt":{"rendered":"<p>La Instituci\u00f3n del Doke -como lo hace habitualmente en esta fecha- adhiri\u00f3 a la conmemoraci\u00f3n, y poste\u00f3 en sus redes sociales: Se cumplen 48 a\u00f1os del golpe c\u00edvico-militar en nuestro pa\u00eds y desde el Club Sportivo Dock Sud volvemos a decir como cada 24 de Marzo &#8220;NUNCA M\u00c1S&#8221;. #MEMORIA #VERDAD #JUSTICIA Club Sportivo Dock Sud<\/p>\n","protected":false},"author":2,"featured_media":45516,"comment_status":"closed","ping_status":"open","sticky":false,"template":"","format":"standard","meta":{"footnotes":""},"categories":[4],"tags":[4260,5222,13212],"_links":{"self":[{"href":"https:\/\/agendadelsur.com\/index.php\/wp-json\/wp\/v2\/posts\/45515"}],"collection":[{"href":"https:\/\/agendadelsur.com\/index.php\/wp-json\/wp\/v2\/posts"}],"about":[{"href":"https:\/\/agendadelsur.com\/index.php\/wp-json\/wp\/v2\/types\/post"}],"author":[{"embeddable":true,"href":"https:\/\/agendadelsur.com\/index.php\/wp-json\/wp\/v2\/users\/2"}],"replies":[{"embeddable":true,"href":"https:\/\/agendadelsur.com\/index.php\/wp-json\/wp\/v2\/comments?post=45515"}],"version-history":[{"count":2,"href":"https:\/\/agendadelsur.com\/index.php\/wp-json\/wp\/v2\/posts\/45515\/revisions"}],"predecessor-version":[{"id":45519,"href":"https:\/\/agendadelsur.com\/index.php\/wp-json\/wp\/v2\/posts\/45515\/revisions\/45519"}],"wp:featuredmedia":[{"embeddable":true,"href":"https:\/\/agendadelsur.com\/index.php\/wp-json\/wp\/v2\/media\/45516"}],"wp:attachment":[{"href":"https:\/\/agendadelsur.com\/index.php\/wp-json\/wp\/v2\/media?parent=45515"}],"wp:term":[{"taxonomy":"category","embeddable":true,"href":"https:\/\/agendadelsur.com\/index.php\/wp-json\/wp\/v2\/categories?post=45515"},{"taxonomy":"post_tag","embeddable":true,"href":"https:\/\/agendadelsur.com\/index.php\/wp-json\/wp\/v2\/tags?post=45515"}],"curies":[{"name":"wp","href":"https:\/\/api.w.org\/{rel}","templated":true}]}}