{"id":46202,"date":"2024-04-15T00:45:00","date_gmt":"2024-04-15T03:45:00","guid":{"rendered":"https:\/\/agendadelsur.com\/?p=46202"},"modified":"2024-04-14T22:07:55","modified_gmt":"2024-04-15T01:07:55","slug":"kicillof-inauguro-un-nuevo-parque-ambiental-en-carmen-de-areco","status":"publish","type":"post","link":"https:\/\/agendadelsur.com\/index.php\/2024\/04\/15\/kicillof-inauguro-un-nuevo-parque-ambiental-en-carmen-de-areco\/","title":{"rendered":"Kicillof inaugur\u00f3 un nuevo Parque Ambiental en Carmen de Areco"},"content":{"rendered":"\n<h6 class=\"wp-block-heading\">Adem\u00e1s, el Gobernador y entreg\u00f3 escrituras y junto al intendente Villagr\u00e1n confirmaron el inicio de las obras para entubar el canal que atraviesa la ciudad.\u00a0<\/h6>\n\n\n<div class=\"wp-block-image\">\n<figure class=\"aligncenter is-resized\"><a href=\"https:\/\/www.gba.gob.ar\/sites\/default\/files\/comunicacion_publica\/imagenes\/Axel%20Kicillof_22.jpg\"><img decoding=\"async\" src=\"https:\/\/www.gba.gob.ar\/sites\/default\/files\/styles\/niticias_principal\/public\/comunicacion_publica\/imagenes\/Axel%20Kicillof_22.jpg?itok=isEJ8fAt\" alt=\"Axel Kicillof\" style=\"aspect-ratio:1.4018867924528302;width:517px;height:auto\" title=\"Kicillof inaugur\u00f3 un nuevo Parque Ambiental y entreg\u00f3 escrituras \"\/><\/a><figcaption class=\"wp-element-caption\"><em>Kicillof, Mena y Villagr\u00e1n durante la entrega de escrituras.<\/em><\/figcaption><\/figure><\/div>\n\n\n<p>El gobernador de la provincia de Buenos Aires, Axel Kicillof, encabez\u00f3 este viernes el acto de inauguraci\u00f3n de un nuevo Parque Ambiental en Carmen de Areco y entreg\u00f3 t\u00edtulos de propiedad gratuitos en beneficio de familias del municipio. Fue junto al ministro de Justicia y Derechos Humanos, Juan Mart\u00edn Mena; su par de Ambiente, Daniela Vilar; y el intendente local, Iv\u00e1n Villagr\u00e1n.\u00a0<\/p>\n\n\n\n<p>\u201cEste es un acto de reparaci\u00f3n para familias que durante muchos a\u00f1os no hab\u00edan podido acceder a las escrituras de sus viviendas: es un trabajo que estamos haciendo a lo largo y a lo ancho de la provincia porque es un derecho de los y las bonaerenses\u201d, sostuvo Kicillof y agreg\u00f3: \u201cEs algo que evidentemente no pudo resolver el mercado, entonces es el Estado el que tiene que estar presente para generar igualdad\u201d.<\/p>\n\n\n\n<p>En el sal\u00f3n de actos del Palacio Municipal se distribuyeron 91 escrituras sociales en beneficio de familias de distintos barrios del distrito. Al respecto, Mena sostuvo: \u201cEste gobierno toma las decisiones que hay que tomar para que todos los bonaerenses puedan acceder a la escritura de su vivienda, ya que es la forma de consagrar el sacrificio que han hecho a lo largo de los a\u00f1os\u201d. \u201cLo hacemos con un objetivo muy claro: alcanzar una provincia cada d\u00eda m\u00e1s justa y m\u00e1s igualitaria\u201d, manifest\u00f3.<\/p>\n\n\n\n<p>Por su parte, el intendente Villagr\u00e1n resalt\u00f3 que \u201cla semana pasada, el Gobierno de la provincia hizo la transferencia a la empresa que sali\u00f3 adjudicada para hacer las obras del entubamiento del canal que atraviesa la ciudad\u201d. \u201cEn un momento en el que vemos las obras paralizadas del Gobierno nacional, en Carmen de Areco vamos a realizar una obra hist\u00f3rica que mejorar\u00e1 las condiciones ambientales y la calidad de vida de nuestros vecinos y vecinas\u201d, manifest\u00f3.<\/p>\n\n\n\n<p>En ese sentido, el Gobernador se\u00f1al\u00f3 que \u201cel mismo Gobierno nacional que paraliz\u00f3 todas las obras, dice que los vecinos se pueden agrupar y juntar los recursos que necesitan para llevarlas adelante\u201d. \u201cAqu\u00ed en Carmen de Areco, los vecinos y vecinas saben muy bien que nadie podr\u00eda entubar el canal por su propia cuenta y que entonces es necesaria la intervenci\u00f3n del Estado\u201d, indic\u00f3. &nbsp;<\/p>\n\n\n\n<p>Durante la jornada se inaugur\u00f3 el segundo Parque Ambiental del distrito, frente al barrio \u201cLas 40 viviendas\u201d. Adem\u00e1s, se efectu\u00f3 la entrega de dos camiones de caja cerrada y caja abierta para fortalecer la gesti\u00f3n de residuos y de dos m\u00f3viles para tareas de higiene urbana y recolecci\u00f3n de residuos secos.&nbsp;<\/p>\n\n\n\n<p>\u201cEn la provincia de Buenos Aires estamos decididos a dar la pelea y a seguir trabajando para que haya una mayor igualdad de oportunidades y para que todas y todos tengan los mismos derechos\u201d, concluy\u00f3 Kicillof.<\/p>\n\n\n<div class=\"wp-block-image\">\n<figure class=\"aligncenter size-full\"><img loading=\"lazy\" decoding=\"async\" width=\"300\" height=\"300\" src=\"https:\/\/agendadelsur.com\/wp-content\/uploads\/2024\/04\/WEB-2.-1-2.jpg\" alt=\"\" class=\"wp-image-46143\" srcset=\"https:\/\/agendadelsur.com\/wp-content\/uploads\/2024\/04\/WEB-2.-1-2.jpg 300w, https:\/\/agendadelsur.com\/wp-content\/uploads\/2024\/04\/WEB-2.-1-2-150x150.jpg 150w\" sizes=\"(max-width: 300px) 100vw, 300px\" \/><\/figure><\/div>\n\n<div class=\"wp-block-image\">\n<figure class=\"aligncenter size-full\"><img loading=\"lazy\" decoding=\"async\" width=\"300\" height=\"250\" src=\"https:\/\/agendadelsur.com\/wp-content\/uploads\/2024\/04\/MODIFICADO-web-DestapacionesRomaen_Publi_10x10-Sur-MODIFICADO-300x250-1-2.jpg\" alt=\"\" class=\"wp-image-46142\"\/><\/figure><\/div>","protected":false},"excerpt":{"rendered":"<p>Adem\u00e1s, el Gobernador y entreg\u00f3 escrituras y junto al intendente Villagr\u00e1n confirmaron el inicio de las obras para entubar el canal que atraviesa la ciudad.\u00a0 El gobernador de la provincia de Buenos Aires, Axel Kicillof, encabez\u00f3 este viernes el acto de inauguraci\u00f3n de un nuevo Parque Ambiental en Carmen de Areco y entreg\u00f3 t\u00edtulos de [&hellip;]<\/p>\n","protected":false},"author":2,"featured_media":46203,"comment_status":"closed","ping_status":"open","sticky":false,"template":"","format":"standard","meta":{"footnotes":""},"categories":[1419],"tags":[13372],"_links":{"self":[{"href":"https:\/\/agendadelsur.com\/index.php\/wp-json\/wp\/v2\/posts\/46202"}],"collection":[{"href":"https:\/\/agendadelsur.com\/index.php\/wp-json\/wp\/v2\/posts"}],"about":[{"href":"https:\/\/agendadelsur.com\/index.php\/wp-json\/wp\/v2\/types\/post"}],"author":[{"embeddable":true,"href":"https:\/\/agendadelsur.com\/index.php\/wp-json\/wp\/v2\/users\/2"}],"replies":[{"embeddable":true,"href":"https:\/\/agendadelsur.com\/index.php\/wp-json\/wp\/v2\/comments?post=46202"}],"version-history":[{"count":1,"href":"https:\/\/agendadelsur.com\/index.php\/wp-json\/wp\/v2\/posts\/46202\/revisions"}],"predecessor-version":[{"id":46204,"href":"https:\/\/agendadelsur.com\/index.php\/wp-json\/wp\/v2\/posts\/46202\/revisions\/46204"}],"wp:featuredmedia":[{"embeddable":true,"href":"https:\/\/agendadelsur.com\/index.php\/wp-json\/wp\/v2\/media\/46203"}],"wp:attachment":[{"href":"https:\/\/agendadelsur.com\/index.php\/wp-json\/wp\/v2\/media?parent=46202"}],"wp:term":[{"taxonomy":"category","embeddable":true,"href":"https:\/\/agendadelsur.com\/index.php\/wp-json\/wp\/v2\/categories?post=46202"},{"taxonomy":"post_tag","embeddable":true,"href":"https:\/\/agendadelsur.com\/index.php\/wp-json\/wp\/v2\/tags?post=46202"}],"curies":[{"name":"wp","href":"https:\/\/api.w.org\/{rel}","templated":true}]}}