{"id":48319,"date":"2024-07-04T00:48:00","date_gmt":"2024-07-04T03:48:00","guid":{"rendered":"https:\/\/agendadelsur.com\/?p=48319"},"modified":"2024-07-03T23:49:43","modified_gmt":"2024-07-04T02:49:43","slug":"la-empresa-de-ferrum-de-avellaneda-la-mayor-fabrica-de-sanitarios-del-pais-cierra-su-planta-de-pilar-un-mes-y-despide-trabajadores","status":"publish","type":"post","link":"https:\/\/agendadelsur.com\/index.php\/2024\/07\/04\/la-empresa-de-ferrum-de-avellaneda-la-mayor-fabrica-de-sanitarios-del-pais-cierra-su-planta-de-pilar-un-mes-y-despide-trabajadores\/","title":{"rendered":"La empresa de Ferrum de Avellaneda -la mayor f\u00e1brica de sanitarios del pa\u00eds- cierra su planta de Pilar un mes y despide trabajadores"},"content":{"rendered":"\n<h6 class=\"wp-block-heading\">La compa\u00f1\u00eda, controla m\u00e1s del 50% del mercado local de sanitarios de cer\u00e1mica y exporta. Por el desplome de las ventas fren\u00f3 la producci\u00f3n. Con Milei, ya despidi\u00f3 unos 100 trabajadores y ahora suspendi\u00f3 al resto.<\/h6>\n\n\n<div class=\"wp-block-image\">\n<figure class=\"aligncenter size-full is-resized\"><img loading=\"lazy\" decoding=\"async\" width=\"500\" height=\"281\" src=\"https:\/\/agendadelsur.com\/wp-content\/uploads\/2024\/07\/668453258c761_750x421.jpg\" alt=\"\" class=\"wp-image-48320\" style=\"width:554px;height:auto\" srcset=\"https:\/\/agendadelsur.com\/wp-content\/uploads\/2024\/07\/668453258c761_750x421.jpg 500w, https:\/\/agendadelsur.com\/wp-content\/uploads\/2024\/07\/668453258c761_750x421-300x169.jpg 300w\" sizes=\"(max-width: 500px) 100vw, 500px\" \/><\/figure><\/div>\n\n\n<p>En un contexto marcado por la adversidad econ\u00f3mica en el sector de la construcci\u00f3n, Ferrum, uno de los pilares industriales del rubro de artefactos sanitarios, ha tomado la decisi\u00f3n dr\u00e1stica de paralizar temporalmente la producci\u00f3n en su planta de Villa Rosa, Pilar. Esta medida responde directamente a la abrupta ca\u00edda en la demanda que ha llevado al gigante a enfrentar un &#8220;nivel acumulado de inventario de producto terminado&#8221;, seg\u00fan declaraciones oficiales de la compa\u00f1\u00eda.<\/p>\n\n\n\n<p>Seg\u00fan el comunicado emitido a la Comisi\u00f3n de Valores, la planta de Avellaneda continuar\u00e1 operando con normalidad, asegurando as\u00ed la continuidad de parte de la producci\u00f3n de Ferrum. Sin embargo, la decisi\u00f3n de detener las operaciones en Villa Rosa durante todo el mes de julio refleja la necesidad urgente de ajustar la capacidad de producci\u00f3n a las nuevas realidades del mercado.<\/p>\n\n\n\n<p>Esta no es la primera vez que Ferrum se ve obligado a tomar medidas correctivas en respuesta a la crisis del sector. Previamente, la empresa hab\u00eda implementado suspensiones temporales para cientos de sus trabajadores en el \u00e1rea de grifer\u00eda, una se\u00f1al clara de los desaf\u00edos persistentes que enfrentan los proveedores de insumos en la actualidad.<\/p>\n\n\n\n<p>La situaci\u00f3n se agrava con datos contundentes que muestran una ca\u00edda del 37% en el sector de la construcci\u00f3n solo en el mes de abril, acumulando as\u00ed un descenso del 32% en el primer cuatrimestre del a\u00f1o, seg\u00fan cifras del INDEC. Espec\u00edficamente, el rubro de productos de cer\u00e1mica ha sufrido un golpe a\u00fan m\u00e1s severo, con una disminuci\u00f3n del 48%.<\/p>\n\n\n\n<p>Fuente: politicaargentina.com<\/p>\n\n\n<div class=\"wp-block-image\">\n<figure class=\"aligncenter size-full is-resized\"><img loading=\"lazy\" decoding=\"async\" width=\"300\" height=\"300\" src=\"https:\/\/agendadelsur.com\/wp-content\/uploads\/2024\/07\/WEB-2.-1.jpg\" alt=\"\" class=\"wp-image-48278\" style=\"width:368px;height:auto\" srcset=\"https:\/\/agendadelsur.com\/wp-content\/uploads\/2024\/07\/WEB-2.-1.jpg 300w, https:\/\/agendadelsur.com\/wp-content\/uploads\/2024\/07\/WEB-2.-1-150x150.jpg 150w\" sizes=\"(max-width: 300px) 100vw, 300px\" \/><\/figure><\/div>","protected":false},"excerpt":{"rendered":"<p>La compa\u00f1\u00eda, controla m\u00e1s del 50% del mercado local de sanitarios de cer\u00e1mica y exporta. Por el desplome de las ventas fren\u00f3 la producci\u00f3n. Con Milei, ya despidi\u00f3 unos 100 trabajadores y ahora suspendi\u00f3 al resto. En un contexto marcado por la adversidad econ\u00f3mica en el sector de la construcci\u00f3n, Ferrum, uno de los pilares [&hellip;]<\/p>\n","protected":false},"author":2,"featured_media":48321,"comment_status":"closed","ping_status":"open","sticky":false,"template":"","format":"standard","meta":{"footnotes":""},"categories":[4,9],"tags":[13879],"_links":{"self":[{"href":"https:\/\/agendadelsur.com\/index.php\/wp-json\/wp\/v2\/posts\/48319"}],"collection":[{"href":"https:\/\/agendadelsur.com\/index.php\/wp-json\/wp\/v2\/posts"}],"about":[{"href":"https:\/\/agendadelsur.com\/index.php\/wp-json\/wp\/v2\/types\/post"}],"author":[{"embeddable":true,"href":"https:\/\/agendadelsur.com\/index.php\/wp-json\/wp\/v2\/users\/2"}],"replies":[{"embeddable":true,"href":"https:\/\/agendadelsur.com\/index.php\/wp-json\/wp\/v2\/comments?post=48319"}],"version-history":[{"count":1,"href":"https:\/\/agendadelsur.com\/index.php\/wp-json\/wp\/v2\/posts\/48319\/revisions"}],"predecessor-version":[{"id":48322,"href":"https:\/\/agendadelsur.com\/index.php\/wp-json\/wp\/v2\/posts\/48319\/revisions\/48322"}],"wp:featuredmedia":[{"embeddable":true,"href":"https:\/\/agendadelsur.com\/index.php\/wp-json\/wp\/v2\/media\/48321"}],"wp:attachment":[{"href":"https:\/\/agendadelsur.com\/index.php\/wp-json\/wp\/v2\/media?parent=48319"}],"wp:term":[{"taxonomy":"category","embeddable":true,"href":"https:\/\/agendadelsur.com\/index.php\/wp-json\/wp\/v2\/categories?post=48319"},{"taxonomy":"post_tag","embeddable":true,"href":"https:\/\/agendadelsur.com\/index.php\/wp-json\/wp\/v2\/tags?post=48319"}],"curies":[{"name":"wp","href":"https:\/\/api.w.org\/{rel}","templated":true}]}}