{"id":48405,"date":"2024-07-06T18:13:40","date_gmt":"2024-07-06T21:13:40","guid":{"rendered":"https:\/\/agendadelsur.com\/?p=48405"},"modified":"2024-07-06T18:15:51","modified_gmt":"2024-07-06T21:15:51","slug":"en-la-provincia-le-declaramos-la-guerra-al-trabajo-infantil","status":"publish","type":"post","link":"https:\/\/agendadelsur.com\/index.php\/2024\/07\/06\/en-la-provincia-le-declaramos-la-guerra-al-trabajo-infantil\/","title":{"rendered":"\u201cEn la Provincia le declaramos la guerra al trabajo infantil\u201d"},"content":{"rendered":"\n<h6 class=\"wp-block-heading\">Lo afirm\u00f3 el Ministro bonaerense Walter Correa durante la participaci\u00f3n del plenario del Consejo Directivo del sindicato que nuclea a los maestros del sector privado donde se realizar\u00e1 un curso para docentes de SADOP.<\/h6>\n\n\n<div class=\"wp-block-image\">\n<figure class=\"aligncenter size-full is-resized\"><img loading=\"lazy\" decoding=\"async\" width=\"650\" height=\"433\" src=\"https:\/\/agendadelsur.com\/wp-content\/uploads\/2024\/07\/WhatsApp-Image-2024-07-04-at-20.54.24.jpeg\" alt=\"\" class=\"wp-image-48406\" style=\"width:588px;height:auto\" title=\"copreti\" srcset=\"https:\/\/agendadelsur.com\/wp-content\/uploads\/2024\/07\/WhatsApp-Image-2024-07-04-at-20.54.24.jpeg 650w, https:\/\/agendadelsur.com\/wp-content\/uploads\/2024\/07\/WhatsApp-Image-2024-07-04-at-20.54.24-300x200.jpeg 300w\" sizes=\"(max-width: 650px) 100vw, 650px\" \/><\/figure><\/div>\n\n\n<p>El ministro de Trabajo Walter Correa, junto a la secretaria general de SADOP, Adriana Donzelli, particip\u00f3 del lanzamiento del nuevo trayecto formativo para la docencia \u201cHerramientas y marco te\u00f3rico para la detecci\u00f3n, abordaje y erradicaci\u00f3n del trabajo infantil\u201d. El acto se realiz\u00f3 en la sede de la entidad sindical en La Plata durante la reuni\u00f3n de consejo directivo provincial.<\/p>\n\n\n\n<p>En ese marco, el ministro Correa remarc\u00f3: \u201cEl gobernador Axel Kicillof fue claro y preciso cuando dijo que la provincia de Buenos Aires, a trav\u00e9s del ministerio de Trabajo y la COPRETI, le declara&nbsp;la guerra al trabajo infantil\u201d.<\/p>\n\n\n\n<p>El titular de la cartera laboral bonaerense se\u00f1al\u00f3 que \u201cpospandemia, a nivel mundial, el trabajo infantil se increment\u00f3 y de esta forma, es la primera vez en m\u00e1s de 30 a\u00f1os que crece\u201d. \u201cTambi\u00e9n en Argentina, con este modelo de Gobierno nacional que se manifiesta a viva voz que las pibas y los pibes cada vez m\u00e1s tienen que trabajar\u201d, agreg\u00f3.<\/p>\n\n\n\n<p>\u201cFrente a este modelo nacional que va en contra de los intereses del pueblo trabajador, en contra de las pibas y los pibes, en la provincia de Buenos Aires estamos d\u00e1ndole la batalla junto al colectivo de las organizaciones sindicales, organizaciones libres del pueblo, sociales, pol\u00edticas\u201d, remat\u00f3 Correa.<\/p>\n\n\n\n<p>En el panel tambi\u00e9n participaron por la COPRETI el secretario ejecutivo, Nicol\u00e1s Vi\u00f1es y&nbsp;la nueva directora de Coordinaci\u00f3n de medidas de Protecci\u00f3n y Restituci\u00f3n ante el trabajo infantil y adolescente, Nancy Carrere; por parte del sindicato,&nbsp;la secretaria de Derechos Humanos de SADOP, Milena Lamonega, junto a representantes de las 19 delegaciones bonaerenses.<\/p>\n\n\n\n<p><strong>Capacitaci\u00f3n docente<\/strong><\/p>\n\n\n\n<p>El curso de formaci\u00f3n docente \u201cHerramientas y marco te\u00f3rico para la detecci\u00f3n, abordaje y erradicaci\u00f3n del trabajo infantil\u201d tiene como objetivo contribuir a la concientizaci\u00f3n, prevenci\u00f3n y erradicaci\u00f3n del trabajo infantil y la protecci\u00f3n del trabajo adolescente mediante herramientas te\u00f3ricas y metodol\u00f3gicas para impulsar un abordaje integral, facilitando la detecci\u00f3n y el tratamiento de las distintas situaciones que se presentan en la escuela.<\/p>\n\n\n\n<p>Adem\u00e1s, busca impulsar propuestas y acciones socioeducativas y comunitarias que apunten a desarrollar estrategias de articulaci\u00f3n institucional con participaci\u00f3n multisectorial.<\/p>\n\n\n\n<p>Por \u00faltimo, pretende que las personas que participan desarrollen una mirada situada y contextual sobre el tema, considerando los territorios en los que se encuentran las escuelas e identificando las acciones posibles en conjunto con la comunidad educativa.<\/p>\n\n\n\n<p>El nuevo trayecto formativo est\u00e1 inscripto dentro de las pol\u00edticas p\u00fablicas que lleva adelante el Gobierno de la Provincia de Buenos Aires para combatir este tipo de flagelos que afecta principalmente a las ni\u00f1as y los ni\u00f1os bonaerenses, que producto de la grave crisis econ\u00f3mica nacional son empujados al mundo laboral viendo cercenados derechos esenciales en su infancia.<\/p>\n\n\n<div class=\"wp-block-image\">\n<figure class=\"aligncenter size-full is-resized\"><img loading=\"lazy\" decoding=\"async\" width=\"300\" height=\"250\" src=\"https:\/\/agendadelsur.com\/wp-content\/uploads\/2024\/07\/agenda-del-sur.png\" alt=\"\" class=\"wp-image-48273\" style=\"width:460px;height:auto\"\/><\/figure><\/div>","protected":false},"excerpt":{"rendered":"<p>Lo afirm\u00f3 el Ministro bonaerense Walter Correa durante la participaci\u00f3n del plenario del Consejo Directivo del sindicato que nuclea a los maestros del sector privado donde se realizar\u00e1 un curso para docentes de SADOP. El ministro de Trabajo Walter Correa, junto a la secretaria general de SADOP, Adriana Donzelli, particip\u00f3 del lanzamiento del nuevo trayecto [&hellip;]<\/p>\n","protected":false},"author":2,"featured_media":48407,"comment_status":"closed","ping_status":"open","sticky":false,"template":"","format":"standard","meta":{"footnotes":""},"categories":[1419],"tags":[13900],"_links":{"self":[{"href":"https:\/\/agendadelsur.com\/index.php\/wp-json\/wp\/v2\/posts\/48405"}],"collection":[{"href":"https:\/\/agendadelsur.com\/index.php\/wp-json\/wp\/v2\/posts"}],"about":[{"href":"https:\/\/agendadelsur.com\/index.php\/wp-json\/wp\/v2\/types\/post"}],"author":[{"embeddable":true,"href":"https:\/\/agendadelsur.com\/index.php\/wp-json\/wp\/v2\/users\/2"}],"replies":[{"embeddable":true,"href":"https:\/\/agendadelsur.com\/index.php\/wp-json\/wp\/v2\/comments?post=48405"}],"version-history":[{"count":2,"href":"https:\/\/agendadelsur.com\/index.php\/wp-json\/wp\/v2\/posts\/48405\/revisions"}],"predecessor-version":[{"id":48409,"href":"https:\/\/agendadelsur.com\/index.php\/wp-json\/wp\/v2\/posts\/48405\/revisions\/48409"}],"wp:featuredmedia":[{"embeddable":true,"href":"https:\/\/agendadelsur.com\/index.php\/wp-json\/wp\/v2\/media\/48407"}],"wp:attachment":[{"href":"https:\/\/agendadelsur.com\/index.php\/wp-json\/wp\/v2\/media?parent=48405"}],"wp:term":[{"taxonomy":"category","embeddable":true,"href":"https:\/\/agendadelsur.com\/index.php\/wp-json\/wp\/v2\/categories?post=48405"},{"taxonomy":"post_tag","embeddable":true,"href":"https:\/\/agendadelsur.com\/index.php\/wp-json\/wp\/v2\/tags?post=48405"}],"curies":[{"name":"wp","href":"https:\/\/api.w.org\/{rel}","templated":true}]}}