{"id":4932,"date":"2020-12-10T19:40:31","date_gmt":"2020-12-10T22:40:31","guid":{"rendered":"https:\/\/agendadelsur.com\/?p=4932"},"modified":"2020-12-10T19:40:32","modified_gmt":"2020-12-10T22:40:32","slug":"los-cuidadores-ciudadanos-cumplieron-dos-anos-de-trabajo-en-la-ciudad","status":"publish","type":"post","link":"https:\/\/agendadelsur.com\/index.php\/2020\/12\/10\/los-cuidadores-ciudadanos-cumplieron-dos-anos-de-trabajo-en-la-ciudad\/","title":{"rendered":"Los Cuidadores Ciudadanos cumplieron dos a\u00f1os de trabajo en la ciudad"},"content":{"rendered":"\n<p>A dos a\u00f1os de la creaci\u00f3n de los Cuidadores Ciudadanos de Avellaneda, el intendente Alejo Chornobroff, acompa\u00f1ado por secretar\u00eda de Seguridad Ciudadana, M\u00f3nica Ghirelli, y el subsecretario, Marcelo Rey, se reuni\u00f3 con los trabajadores que integran esta fuerza local de prevenci\u00f3n y cercan\u00eda.&nbsp; Realizaron un balance del trabajo hecho y delinearon objetivos a futuro.<\/p>\n\n\n\n<p>Durante el encuentro realizado en el sal\u00f3n de actos Eva Per\u00f3n, el jefe comunal destac\u00f3 la labor diaria de los trabajadorxs. Rememor\u00f3 el objetivo principal de la fuerza creada por Jorge Ferraresi, actual ministro de Desarrollo Territorial y H\u00e1bitat de la Naci\u00f3n, de ser los ojos de la gesti\u00f3n para saber lo que le pasa al vecinx en el d\u00eda a d\u00eda, y sostuvo que \u201cla presencia del Estado municipal es a trav\u00e9s de ustedes\u201d. \u201cGracias a su esfuerzo lograron el respeto de los vecinos\u201d, sostuvo Chornobroff.<\/p>\n\n\n\n<p>Asimismo, los alent\u00f3 a seguir trabajando como hasta ahora, cuidando y respetando el espacio p\u00fablico; sumando responsabilidades y afianzando la relaci\u00f3n con la comunidad.&nbsp;<\/p>\n\n\n\n<p>Por su parte, Ghirelli expres\u00f3 que \u201cno todas las problem\u00e1ticas se arreglan desde la autoridad policial. Se puede resolver desde otra l\u00f3gica. Lo interesante de este cuerpo es que combina autoridad y compromiso; y los vecinos reconocen este abordaje\u201d.<\/p>\n\n\n\n<p>Fuente: Direcci\u00f3n General de Medios de la Municipalidad de Avellaneda<\/p>\n","protected":false},"excerpt":{"rendered":"<p>A dos a\u00f1os de la creaci\u00f3n de los Cuidadores Ciudadanos de Avellaneda, el intendente Alejo Chornobroff, acompa\u00f1ado por secretar\u00eda de Seguridad Ciudadana, M\u00f3nica Ghirelli, y el subsecretario, Marcelo Rey, se reuni\u00f3 con los trabajadores que integran esta fuerza local de prevenci\u00f3n y cercan\u00eda.&nbsp; Realizaron un balance del trabajo hecho y delinearon objetivos a futuro. Durante [&hellip;]<\/p>\n","protected":false},"author":2,"featured_media":4933,"comment_status":"closed","ping_status":"open","sticky":false,"template":"","format":"standard","meta":{"footnotes":""},"categories":[4],"tags":[1354],"_links":{"self":[{"href":"https:\/\/agendadelsur.com\/index.php\/wp-json\/wp\/v2\/posts\/4932"}],"collection":[{"href":"https:\/\/agendadelsur.com\/index.php\/wp-json\/wp\/v2\/posts"}],"about":[{"href":"https:\/\/agendadelsur.com\/index.php\/wp-json\/wp\/v2\/types\/post"}],"author":[{"embeddable":true,"href":"https:\/\/agendadelsur.com\/index.php\/wp-json\/wp\/v2\/users\/2"}],"replies":[{"embeddable":true,"href":"https:\/\/agendadelsur.com\/index.php\/wp-json\/wp\/v2\/comments?post=4932"}],"version-history":[{"count":1,"href":"https:\/\/agendadelsur.com\/index.php\/wp-json\/wp\/v2\/posts\/4932\/revisions"}],"predecessor-version":[{"id":4934,"href":"https:\/\/agendadelsur.com\/index.php\/wp-json\/wp\/v2\/posts\/4932\/revisions\/4934"}],"wp:featuredmedia":[{"embeddable":true,"href":"https:\/\/agendadelsur.com\/index.php\/wp-json\/wp\/v2\/media\/4933"}],"wp:attachment":[{"href":"https:\/\/agendadelsur.com\/index.php\/wp-json\/wp\/v2\/media?parent=4932"}],"wp:term":[{"taxonomy":"category","embeddable":true,"href":"https:\/\/agendadelsur.com\/index.php\/wp-json\/wp\/v2\/categories?post=4932"},{"taxonomy":"post_tag","embeddable":true,"href":"https:\/\/agendadelsur.com\/index.php\/wp-json\/wp\/v2\/tags?post=4932"}],"curies":[{"name":"wp","href":"https:\/\/api.w.org\/{rel}","templated":true}]}}