{"id":4935,"date":"2020-12-11T15:19:51","date_gmt":"2020-12-11T18:19:51","guid":{"rendered":"https:\/\/agendadelsur.com\/?p=4935"},"modified":"2020-12-11T15:19:52","modified_gmt":"2020-12-11T18:19:52","slug":"el-aborto-legal-en-la-argentina-ya-tiene-media-sancion-y-pasa-al-senado-para-su-definicion","status":"publish","type":"post","link":"https:\/\/agendadelsur.com\/index.php\/2020\/12\/11\/el-aborto-legal-en-la-argentina-ya-tiene-media-sancion-y-pasa-al-senado-para-su-definicion\/","title":{"rendered":"El aborto legal en la Argentina ya tiene media sanci\u00f3n y pasa al Senado para su definici\u00f3n"},"content":{"rendered":"\n<p>Diputados aprob\u00f3 tambi\u00e9n el &#8220;Programa de los mil d\u00edas&#8221;, donde el Estado acompa\u00f1a a las madres hasta el tercer a\u00f1o del ni\u00f1o.<\/p>\n\n\n\n<p>El proyecto sobre el aborto legal fue aprobado en general a las 7.20 de este viernes por 131 votos a favor, mientras que 117 legisladores votaron en contra de la iniciativa y 6 se abstuvieron.<\/p>\n\n\n\n<p>La C\u00e1mara de Diputados aprob\u00f3 este viernes, en el marco de una sesi\u00f3n marat\u00f3nica y tras m\u00e1s de 20 horas de debate, el proyecto de interrupci\u00f3n voluntaria del embarazo, mientras manifestantes &#8216;verdes&#8217; y &#8216;celestes&#8217; siguieron las alternativas de la sesi\u00f3n durante toda la noche en las inmediaciones del Congreso.<\/p>\n\n\n\n<p>La media sanci\u00f3n del proyecto fue celebrada con aplausos y gritos en el recinto por diputadas y diputados que promovieron el dictamen que autoriza la interrupci\u00f3n voluntaria del embarazo, festejos que se repitieron en la Plaza Congreso, donde los manifestantes se abrazaban y agitaban sus pa\u00f1uelos verdes.<\/p>\n\n\n\n<p>El proyecto enviado por el Poder Ejecutivo, que fue una de las promesas de campa\u00f1a del presidente Alberto Fern\u00e1ndez, autoriza a realizar la interrupci\u00f3n voluntaria del embarazo hasta la semana 14.<\/p>\n\n\n\n<p>Adem\u00e1s, reconoce la objeci\u00f3n de conciencia de los profesionales que no quieran realizar esta pr\u00e1ctica m\u00e9dica y establece que si una instituci\u00f3n privada tiene todos objetores de conciencia debe derivar al paciente a otra sanatorio u hospital.<\/p>\n\n\n\n<p>El aborto legal en la Argentina ya tiene media sanci\u00f3n y pasa al Senado para su definici\u00f3n<\/p>\n\n\n\n<p>Una sesi\u00f3n marat\u00f3nica<\/p>\n\n\n\n<p>A lo largo de la marat\u00f3nica reuni\u00f3n del pleno del cuerpo, expusieron durante poco m\u00e1s de 20 horas 164 oradores a favor y en contra del proyecto y en el \u00faltimo tramo cerraron el debate los diputados que defienden cada uno de los dict\u00e1menes de mayor\u00eda y minor\u00eda.<\/p>\n\n\n\n<p>&#8220;El mundo es injusto, pero la respuesta no est\u00e1 en nuestro \u00fatero. Al contrario, el mundo es injusto porque est\u00e1 construido hace 500 a\u00f1os sobre un sistema basado en la explotaci\u00f3n de las mujeres&#8221;, dijo la diputada Gabriela Cerruti (Frente de Todos) en el \u00faltimo discurso de la extensa sesi\u00f3n.<\/p>\n\n\n\n<p>Fuente: T\u00e9lam<\/p>\n","protected":false},"excerpt":{"rendered":"<p>Diputados aprob\u00f3 tambi\u00e9n el &#8220;Programa de los mil d\u00edas&#8221;, donde el Estado acompa\u00f1a a las madres hasta el tercer a\u00f1o del ni\u00f1o. El proyecto sobre el aborto legal fue aprobado en general a las 7.20 de este viernes por 131 votos a favor, mientras que 117 legisladores votaron en contra de la iniciativa y 6 [&hellip;]<\/p>\n","protected":false},"author":2,"featured_media":4937,"comment_status":"closed","ping_status":"open","sticky":false,"template":"","format":"standard","meta":{"footnotes":""},"categories":[9],"tags":[1355],"_links":{"self":[{"href":"https:\/\/agendadelsur.com\/index.php\/wp-json\/wp\/v2\/posts\/4935"}],"collection":[{"href":"https:\/\/agendadelsur.com\/index.php\/wp-json\/wp\/v2\/posts"}],"about":[{"href":"https:\/\/agendadelsur.com\/index.php\/wp-json\/wp\/v2\/types\/post"}],"author":[{"embeddable":true,"href":"https:\/\/agendadelsur.com\/index.php\/wp-json\/wp\/v2\/users\/2"}],"replies":[{"embeddable":true,"href":"https:\/\/agendadelsur.com\/index.php\/wp-json\/wp\/v2\/comments?post=4935"}],"version-history":[{"count":1,"href":"https:\/\/agendadelsur.com\/index.php\/wp-json\/wp\/v2\/posts\/4935\/revisions"}],"predecessor-version":[{"id":4938,"href":"https:\/\/agendadelsur.com\/index.php\/wp-json\/wp\/v2\/posts\/4935\/revisions\/4938"}],"wp:featuredmedia":[{"embeddable":true,"href":"https:\/\/agendadelsur.com\/index.php\/wp-json\/wp\/v2\/media\/4937"}],"wp:attachment":[{"href":"https:\/\/agendadelsur.com\/index.php\/wp-json\/wp\/v2\/media?parent=4935"}],"wp:term":[{"taxonomy":"category","embeddable":true,"href":"https:\/\/agendadelsur.com\/index.php\/wp-json\/wp\/v2\/categories?post=4935"},{"taxonomy":"post_tag","embeddable":true,"href":"https:\/\/agendadelsur.com\/index.php\/wp-json\/wp\/v2\/tags?post=4935"}],"curies":[{"name":"wp","href":"https:\/\/api.w.org\/{rel}","templated":true}]}}