{"id":50834,"date":"2024-10-03T01:09:55","date_gmt":"2024-10-03T04:09:55","guid":{"rendered":"https:\/\/agendadelsur.com\/?p=50834"},"modified":"2024-10-03T01:09:56","modified_gmt":"2024-10-03T04:09:56","slug":"un-millon-en-las-calles","status":"publish","type":"post","link":"https:\/\/agendadelsur.com\/index.php\/2024\/10\/03\/un-millon-en-las-calles\/","title":{"rendered":"Un mill\u00f3n en las calles"},"content":{"rendered":"\n<h6 class=\"wp-block-heading\">En los estrados, una minor\u00eda que vela por sus intereses. La movilizaci\u00f3n educativa del 2 de octubre volvi\u00f3 a ocupar el centro de la Capital en toda su extensi\u00f3n. En Mendoza, C\u00f3rdoba y Rosario fueron mega movilizaciones. Por las calles no pasaron solamente los universitarios; vinieron los jubilados, los estudiantes secundarios, los docentes, los trabajadores de la Salud y grupos numerosos de obreros de la industria y del transporte. El pa\u00eds que marca tarjeta de ingreso al trabajo y el pa\u00eds que no para la olla hizo esfuerzos e incluso sacrificios para expresar el repudio al gobierno antiobrero. El pueblo trabajador marcha, con una convicci\u00f3n que crece, hacia una rebeli\u00f3n popular.<\/h6>\n\n\n<div class=\"wp-block-image\">\n<figure class=\"aligncenter size-full is-resized\"><img loading=\"lazy\" decoding=\"async\" width=\"526\" height=\"860\" src=\"https:\/\/agendadelsur.com\/wp-content\/uploads\/2024\/10\/MENDOZA.jpg\" alt=\"\" class=\"wp-image-50835\" style=\"width:496px;height:auto\" srcset=\"https:\/\/agendadelsur.com\/wp-content\/uploads\/2024\/10\/MENDOZA.jpg 526w, https:\/\/agendadelsur.com\/wp-content\/uploads\/2024\/10\/MENDOZA-183x300.jpg 183w\" sizes=\"(max-width: 526px) 100vw, 526px\" \/><figcaption class=\"wp-element-caption\"><em>Mendoza<\/em><\/figcaption><\/figure><\/div>\n\n\n<p>Claro que una cosa es la calle y otra el estrado; en la calle est\u00e1 el pa\u00eds que quisiera ver la partida acelerada de este gobierno, del cual s\u00f3lo cabe esperar miseria, de un lado, y el enriquecimiento de una minor\u00eda del otro.<\/p>\n\n\n\n<p>Un 55% debajo del nivel de pobreza y un 20% debajo de la indigencia, y una minor\u00eda que blanquea 50 mil millones de d\u00f3lares y deja sin declarar otros 250 mil millones, o deposita en los bancos una caja chica que llegar\u00eda a los 10 mil millones de d\u00f3lares.<\/p>\n\n\n\n<p>En los estrados est\u00e1 la burocracia de la CGT, que acaba de acordar la reglamentaci\u00f3n de la ley patronal del derecho laboral. Milei va a vetar la ley de financiamiento universitario, a pesar de que aporta poco a las necesidades de las universidades. Como vet\u00f3 una ley jubilatoria que sumaba migajas a los jubilados.<\/p>\n\n\n\n<p>Despu\u00e9s de eso vendr\u00e1 la negociaci\u00f3n a puertas cerradas del Presupuesto 2025. Dilaci\u00f3n tras dilaci\u00f3n, los diputados y senadores que a\u00fan mantienen vigente el DNU\/70 y aprobaron la ley bases, le dan tiempo al gobierno para seguir con su pol\u00edtica de ajuste y mayor endeudamiento.<\/p>\n\n\n\n<p>De nuevo, una cosa es la calle vigorosa de las masas, otra los discursos de la tribuna y las trenzas del poder. En el estrado del 2 de octubre, han estado quienes han colaborado con los planes del gobierno, sea desde el parlamento, sea desde la burocracia sindical.<\/p>\n\n\n\n<p>Conclusi\u00f3n: necesitamos m\u00e1s calle todav\u00eda que la que se ha manifestado hasta ahora, y otra direcci\u00f3n pol\u00edtica al servicio de los explotados y los trabajadores.<\/p>\n\n\n\n<p>La transa y la colaboraci\u00f3n con el gobierno liberticida, como lo hacen todos los partidos patronales sin excepci\u00f3n, es alinear a Argentina con el imperialismo y con la guerra criminal que impulsa en el Medio Oriente y en Europa.<\/p>\n\n\n\n<p>Multipliquemos las luchas y forjemos una unidad pol\u00edtica que ponga fin definitivamente a este y todos los gobiernos patronales.<\/p>\n\n\n\n<p>Fuente: Pol\u00edtica Obrera<\/p>\n\n\n<div class=\"wp-block-image\">\n<figure class=\"aligncenter size-full is-resized\"><img loading=\"lazy\" decoding=\"async\" width=\"300\" height=\"250\" src=\"https:\/\/agendadelsur.com\/wp-content\/uploads\/2024\/09\/agenda-del-sur-1.png\" alt=\"\" class=\"wp-image-50478\" style=\"width:426px;height:auto\"\/><\/figure><\/div>","protected":false},"excerpt":{"rendered":"<p>En los estrados, una minor\u00eda que vela por sus intereses. La movilizaci\u00f3n educativa del 2 de octubre volvi\u00f3 a ocupar el centro de la Capital en toda su extensi\u00f3n. En Mendoza, C\u00f3rdoba y Rosario fueron mega movilizaciones. Por las calles no pasaron solamente los universitarios; vinieron los jubilados, los estudiantes secundarios, los docentes, los trabajadores [&hellip;]<\/p>\n","protected":false},"author":2,"featured_media":50836,"comment_status":"closed","ping_status":"open","sticky":false,"template":"","format":"standard","meta":{"footnotes":""},"categories":[9],"tags":[14491,14497],"_links":{"self":[{"href":"https:\/\/agendadelsur.com\/index.php\/wp-json\/wp\/v2\/posts\/50834"}],"collection":[{"href":"https:\/\/agendadelsur.com\/index.php\/wp-json\/wp\/v2\/posts"}],"about":[{"href":"https:\/\/agendadelsur.com\/index.php\/wp-json\/wp\/v2\/types\/post"}],"author":[{"embeddable":true,"href":"https:\/\/agendadelsur.com\/index.php\/wp-json\/wp\/v2\/users\/2"}],"replies":[{"embeddable":true,"href":"https:\/\/agendadelsur.com\/index.php\/wp-json\/wp\/v2\/comments?post=50834"}],"version-history":[{"count":1,"href":"https:\/\/agendadelsur.com\/index.php\/wp-json\/wp\/v2\/posts\/50834\/revisions"}],"predecessor-version":[{"id":50837,"href":"https:\/\/agendadelsur.com\/index.php\/wp-json\/wp\/v2\/posts\/50834\/revisions\/50837"}],"wp:featuredmedia":[{"embeddable":true,"href":"https:\/\/agendadelsur.com\/index.php\/wp-json\/wp\/v2\/media\/50836"}],"wp:attachment":[{"href":"https:\/\/agendadelsur.com\/index.php\/wp-json\/wp\/v2\/media?parent=50834"}],"wp:term":[{"taxonomy":"category","embeddable":true,"href":"https:\/\/agendadelsur.com\/index.php\/wp-json\/wp\/v2\/categories?post=50834"},{"taxonomy":"post_tag","embeddable":true,"href":"https:\/\/agendadelsur.com\/index.php\/wp-json\/wp\/v2\/tags?post=50834"}],"curies":[{"name":"wp","href":"https:\/\/api.w.org\/{rel}","templated":true}]}}