{"id":51611,"date":"2024-10-23T00:47:35","date_gmt":"2024-10-23T03:47:35","guid":{"rendered":"https:\/\/agendadelsur.com\/?p=51611"},"modified":"2024-10-23T00:47:36","modified_gmt":"2024-10-23T03:47:36","slug":"fuerte-discurso-de-norman-briski-en-la-entrega-de-los-martin-fierro","status":"publish","type":"post","link":"https:\/\/agendadelsur.com\/index.php\/2024\/10\/23\/fuerte-discurso-de-norman-briski-en-la-entrega-de-los-martin-fierro\/","title":{"rendered":"Fuerte discurso de Norman Briski en la entrega de los Mart\u00edn Fierro"},"content":{"rendered":"\n<h6 class=\"wp-block-heading\">\u201cLa ficci\u00f3n es una radiograf\u00eda de la realidad. Nos est\u00e1n afanando la ficci\u00f3n. Est\u00e1 en la (Casa) Rosada la ficci\u00f3n\u201d, sintetizo en uno de sus conceptos. En su alocuci\u00f3n el reconocido actor, productor y director defendi\u00f3 la industria y el cine argentino, se pronunci\u00f3 en contra de las matanzas en Gaza, salud\u00f3 a \u201clos h\u00e9roes del cine\u201d y record\u00f3 a figuras como Pino Solanas, Hugo del Carril, Eva Per\u00f3n, Norma Pla y Nora Corti\u00f1as.<\/h6>\n\n\n\n<figure class=\"wp-block-embed is-type-video is-provider-youtube wp-block-embed-youtube wp-embed-aspect-16-9 wp-has-aspect-ratio\"><div class=\"wp-block-embed__wrapper\">\n<div class=\"epyt-video-wrapper\"><iframe loading=\"lazy\"  id=\"_ytid_28678\"  width=\"640\" height=\"360\"  data-origwidth=\"640\" data-origheight=\"360\" src=\"https:\/\/www.youtube.com\/embed\/KRKrmaqQfpU?enablejsapi=1&#038;autoplay=0&#038;cc_load_policy=0&#038;cc_lang_pref=&#038;iv_load_policy=1&#038;loop=0&#038;rel=1&#038;fs=1&#038;playsinline=0&#038;autohide=2&#038;theme=dark&#038;color=red&#038;controls=1&#038;disablekb=0&#038;\" class=\"__youtube_prefs__  epyt-is-override  no-lazyload\" title=\"YouTube player\"  allow=\"fullscreen; accelerometer; autoplay; clipboard-write; encrypted-media; gyroscope; picture-in-picture; web-share\" referrerpolicy=\"strict-origin-when-cross-origin\" allowfullscreen data-no-lazy=\"1\" data-skipgform_ajax_framebjll=\"\"><\/iframe><\/div>\n<\/div><\/figure>\n\n\n\n<p>\u201cTendr\u00edamos que estar junto a todas las luchas\u201d, sugiri\u00f3 y cerr\u00f3: \u201cSaludo a la comida que falta y mi consejo es este: las inversiones vendr\u00e1n de la rebeld\u00eda o seremos nada\u201d.<\/p>\n\n\n<div class=\"wp-block-image\">\n<figure class=\"aligncenter size-full is-resized\"><img loading=\"lazy\" decoding=\"async\" width=\"300\" height=\"250\" src=\"https:\/\/agendadelsur.com\/wp-content\/uploads\/2024\/10\/agenda-del-sur-1-2.png\" alt=\"\" class=\"wp-image-51558\" style=\"width:466px;height:auto\"\/><\/figure><\/div>","protected":false},"excerpt":{"rendered":"<p>\u201cLa ficci\u00f3n es una radiograf\u00eda de la realidad. Nos est\u00e1n afanando la ficci\u00f3n. Est\u00e1 en la (Casa) Rosada la ficci\u00f3n\u201d, sintetizo en uno de sus conceptos. En su alocuci\u00f3n el reconocido actor, productor y director defendi\u00f3 la industria y el cine argentino, se pronunci\u00f3 en contra de las matanzas en Gaza, salud\u00f3 a \u201clos h\u00e9roes [&hellip;]<\/p>\n","protected":false},"author":2,"featured_media":51612,"comment_status":"closed","ping_status":"open","sticky":false,"template":"","format":"standard","meta":{"footnotes":""},"categories":[9],"tags":[14733,7590,14732],"_links":{"self":[{"href":"https:\/\/agendadelsur.com\/index.php\/wp-json\/wp\/v2\/posts\/51611"}],"collection":[{"href":"https:\/\/agendadelsur.com\/index.php\/wp-json\/wp\/v2\/posts"}],"about":[{"href":"https:\/\/agendadelsur.com\/index.php\/wp-json\/wp\/v2\/types\/post"}],"author":[{"embeddable":true,"href":"https:\/\/agendadelsur.com\/index.php\/wp-json\/wp\/v2\/users\/2"}],"replies":[{"embeddable":true,"href":"https:\/\/agendadelsur.com\/index.php\/wp-json\/wp\/v2\/comments?post=51611"}],"version-history":[{"count":1,"href":"https:\/\/agendadelsur.com\/index.php\/wp-json\/wp\/v2\/posts\/51611\/revisions"}],"predecessor-version":[{"id":51613,"href":"https:\/\/agendadelsur.com\/index.php\/wp-json\/wp\/v2\/posts\/51611\/revisions\/51613"}],"wp:featuredmedia":[{"embeddable":true,"href":"https:\/\/agendadelsur.com\/index.php\/wp-json\/wp\/v2\/media\/51612"}],"wp:attachment":[{"href":"https:\/\/agendadelsur.com\/index.php\/wp-json\/wp\/v2\/media?parent=51611"}],"wp:term":[{"taxonomy":"category","embeddable":true,"href":"https:\/\/agendadelsur.com\/index.php\/wp-json\/wp\/v2\/categories?post=51611"},{"taxonomy":"post_tag","embeddable":true,"href":"https:\/\/agendadelsur.com\/index.php\/wp-json\/wp\/v2\/tags?post=51611"}],"curies":[{"name":"wp","href":"https:\/\/api.w.org\/{rel}","templated":true}]}}