{"id":5171,"date":"2020-12-27T15:16:01","date_gmt":"2020-12-27T18:16:01","guid":{"rendered":"https:\/\/agendadelsur.com\/?p=5171"},"modified":"2020-12-27T15:16:02","modified_gmt":"2020-12-27T18:16:02","slug":"plan-de-inversiones-para-mejorar-la-calidad-del-servicio-electrico-en-barrios-populares","status":"publish","type":"post","link":"https:\/\/agendadelsur.com\/index.php\/2020\/12\/27\/plan-de-inversiones-para-mejorar-la-calidad-del-servicio-electrico-en-barrios-populares\/","title":{"rendered":"Plan de inversiones para mejorar la calidad del servicio el\u00e9ctrico en barrios populares"},"content":{"rendered":"\n<p>La medida implica una inversi\u00f3n de m\u00e1s de 4.100 millones de pesos por parte del gobierno nacional. El Subsecretario de Energ\u00eda de la Provincia de Buenos Aires, Gast\u00f3n Ghioni particip\u00f3 ayer junto al Secretario de Energ\u00eda de Naci\u00f3n, Dar\u00edo Martinez y la titular del Ente Nacional Regulador de la Electricidad (ENRE), Mar\u00eda Soledad Manin, de la reuni\u00f3n donde se firm\u00f3 un acuerdo con las autoridades de EDESUR y EDENOR por el cual la Naci\u00f3n realizar\u00e1 un aporte financiero de 4.100 millones de pesos con la condici\u00f3n de que estos fondos sean invertidos exclusivamente en obras que mejoren la calidad del servicio el\u00e9ctrico atendiendo prioritariamente a los barrios populares de la regi\u00f3n metropolitana.<\/p>\n\n\n\n<p>Estos fondos corresponden al consumo de los medidores comunitarios en los barrios populares entre los a\u00f1os 2017 y 2020, que se encontraba regido por el \u201cNuevo Acuerdo Marco\u201d. A partir de la decisi\u00f3n del Estado Nacional de saldar esa deuda, las distribuidoras se comprometen a implementar un Plan de Inversiones que atender\u00e1 a mejorar la calidad del servicio el\u00e9ctrico en las zonas m\u00e1s afectadas de los barrios populares.<\/p>\n\n\n\n<p>La firma de este acuerdo surge de una mesa de di\u00e1logo conformada durante el transcurso de este invierno por los distintos representantes del Estado nacional y provincial y los intendentes de municipios del conurbano, que a partir de un diagn\u00f3stico com\u00fan de notorio d\u00e9ficit en la calidad de la prestaci\u00f3n del servicio el\u00e9ctrico, definieron como prioritario atender a los barrios populares m\u00e1s afectados.<\/p>\n\n\n\n<p>El Subsecretario de Energ\u00eda de la Provincia de Buenos Aires se refiri\u00f3 a la firma del acuerdo y destac\u00f3: \u201cLa deuda que se gener\u00f3 con las Empresas a partir del consumo en los barrios populares vuelve a esos sectores en forma de inversi\u00f3n de obras para mejorar la calidad de un servicio esencial como la energ\u00eda el\u00e9ctrica. Este acuerdo es la punta de lanza de un trabajo conjunto que busca resolver las principales necesidades de los sectores m\u00e1s vulnerados de nuestra sociedad\u201d.<\/p>\n\n\n\n<p>A partir de la firma de este acuerdo, la Subsecretar\u00eda de Energ\u00eda de la Provincia y la Secretar\u00eda de Energ\u00eda de Naci\u00f3n apoyar\u00e1n al ENRE en el seguimiento y control del Plan de Inversi\u00f3n y Obras presentado por EDENOR y EDESUR.<\/p>\n\n\n\n<p>Fuente: Gobierno de la Provincia de Buenos Aires<\/p>\n","protected":false},"excerpt":{"rendered":"<p>La medida implica una inversi\u00f3n de m\u00e1s de 4.100 millones de pesos por parte del gobierno nacional. El Subsecretario de Energ\u00eda de la Provincia de Buenos Aires, Gast\u00f3n Ghioni particip\u00f3 ayer junto al Secretario de Energ\u00eda de Naci\u00f3n, Dar\u00edo Martinez y la titular del Ente Nacional Regulador de la Electricidad (ENRE), Mar\u00eda Soledad Manin, de [&hellip;]<\/p>\n","protected":false},"author":2,"featured_media":5172,"comment_status":"closed","ping_status":"open","sticky":false,"template":"","format":"standard","meta":{"footnotes":""},"categories":[818],"tags":[1409],"_links":{"self":[{"href":"https:\/\/agendadelsur.com\/index.php\/wp-json\/wp\/v2\/posts\/5171"}],"collection":[{"href":"https:\/\/agendadelsur.com\/index.php\/wp-json\/wp\/v2\/posts"}],"about":[{"href":"https:\/\/agendadelsur.com\/index.php\/wp-json\/wp\/v2\/types\/post"}],"author":[{"embeddable":true,"href":"https:\/\/agendadelsur.com\/index.php\/wp-json\/wp\/v2\/users\/2"}],"replies":[{"embeddable":true,"href":"https:\/\/agendadelsur.com\/index.php\/wp-json\/wp\/v2\/comments?post=5171"}],"version-history":[{"count":1,"href":"https:\/\/agendadelsur.com\/index.php\/wp-json\/wp\/v2\/posts\/5171\/revisions"}],"predecessor-version":[{"id":5173,"href":"https:\/\/agendadelsur.com\/index.php\/wp-json\/wp\/v2\/posts\/5171\/revisions\/5173"}],"wp:featuredmedia":[{"embeddable":true,"href":"https:\/\/agendadelsur.com\/index.php\/wp-json\/wp\/v2\/media\/5172"}],"wp:attachment":[{"href":"https:\/\/agendadelsur.com\/index.php\/wp-json\/wp\/v2\/media?parent=5171"}],"wp:term":[{"taxonomy":"category","embeddable":true,"href":"https:\/\/agendadelsur.com\/index.php\/wp-json\/wp\/v2\/categories?post=5171"},{"taxonomy":"post_tag","embeddable":true,"href":"https:\/\/agendadelsur.com\/index.php\/wp-json\/wp\/v2\/tags?post=5171"}],"curies":[{"name":"wp","href":"https:\/\/api.w.org\/{rel}","templated":true}]}}