{"id":5183,"date":"2020-12-28T18:30:39","date_gmt":"2020-12-28T21:30:39","guid":{"rendered":"https:\/\/agendadelsur.com\/?p=5183"},"modified":"2020-12-28T18:30:40","modified_gmt":"2020-12-28T21:30:40","slug":"programa-casa-propia-construir-futuro","status":"publish","type":"post","link":"https:\/\/agendadelsur.com\/index.php\/2020\/12\/28\/programa-casa-propia-construir-futuro\/","title":{"rendered":"Programa \u201cCasa Propia &#8211; Construir Futuro\u201d"},"content":{"rendered":"\n<p>El presidente Alberto Fern\u00e1ndez encabez\u00f3 este mediod\u00eda en la residencia de Olivos el acto de anuncio de obras y la firma de convenios de adhesi\u00f3n al Programa \u201cCasa Propia &#8211; Construir Futuro\u201d con los municipios de Avellaneda, Quilmes, Berazategui y Florencio Varela para la construcci\u00f3n de m\u00e1s de 3 mil viviendas.<\/p>\n\n\n\n<p>El programa &#8220;Casa Propia- Construir Futuro&#8221; es una &#8220;pol\u00edtica de desarrollo territorial y urbano de alcance federal y con una perspectiva integral que busca mejorar las condiciones de acceso al h\u00e1bitat mediante la construcci\u00f3n de 264.000 soluciones habitacionales en todo el territorio nacional&#8221;, entre 2021 y 2023.<\/p>\n\n\n\n<p>Los convenios suscriptos por los intendentes incluyen la construcci\u00f3n de 300 viviendas en Avellaneda, 1250 en Quilmes, 900 en Berazategui, y 600 en Florencio Varela.&nbsp;<\/p>\n\n\n\n<p>\u201cQuiero una Argentina donde el Estado garantice que las posibilidades de desarrollo ocurran para todos\u201d, afirm\u00f3 el mandatario junto al jefe de Gabinete, Santiago Cafiero; el gobernador de la provincia de Buenos Aires, Axel Kicillof; y el ministro de Desarrollo Territorial y H\u00e1bitat, Jorge Ferraresi.<\/p>\n\n\n\n<p>\u201cTal vez no lo sepan, pero para m\u00ed el barrio Azul es una formidable inspiraci\u00f3n para mi Gobierno. No quiero m\u00e1s dividir la suerte de los argentinos seg\u00fan el gobernante que les toque\u201d, enfatiz\u00f3 el jefe de Estado al analizar el caso de ese conglomerado en funci\u00f3n de las asimetr\u00edas que atraves\u00f3 en su urbanizaci\u00f3n seg\u00fan su pertenencia a Quilmes o Avellaneda.<\/p>\n\n\n\n<p>Sobre el brote de coronavirus en ese barrio en el momento de mayor expansi\u00f3n de la pandemia, el Presidente explic\u00f3 que \u201cfue una formidable inspiraci\u00f3n por el ejemplo de vida que dieron a los argentinos\u201d, y destac\u00f3: \u201cHab\u00eda que darle un m\u00ednimo de igualdad de condiciones a la gente de ese barrio para que pudiera pensar en desarrollarse. Por eso all\u00ed debe siempre estar el Estado para terminar con esas desigualdades\u201d.<\/p>\n\n\n\n<p>Valor\u00f3 que los \u201csectores m\u00e1s humildes y necesitados fueron los que mejor entendieron el riesgo, mejor se cuidaron y m\u00e1s nos ayudaron en la tarea de prevenir la propagaci\u00f3n de la pandemia. Para cada hombre y mujer que vive en el barrio Azul eterna gratitud, como eterna gratitud para el resto de los argentinos que viven en barrios necesitados y tuvo la actitud de acompa\u00f1arnos silenciosamente a sobrellevar el tema\u201d.<\/p>\n\n\n\n<p>Participaron adem\u00e1s del acto los ministros del Interior, Eduardo de Pedro; Obras P\u00fablicas, Gabriel Katopodis; y Desarrollo Social, Daniel Arroyo; la titular de Aysa, Malena Galmarini; y los intendentes de Quilmes, Mayra Mendoza; Avellaneda, Alejo Chornobroff; Berazategui, Juan Jos\u00e9 Mussi; y Florencio Varela, Andr\u00e9s Watson.<\/p>\n\n\n\n<p>El programa &#8220;Casa Propia &#8211; Construir Futuro&#8221; es una pol\u00edtica de desarrollo territorial y urbano de alcance federal y con perspectiva de g\u00e9nero, a cargo del Ministerio de Desarrollo Territorial y H\u00e1bitat, que busca mejorar las condiciones habitacionales mediante el acceso a 264 mil viviendas en todo el pa\u00eds.<\/p>\n\n\n\n<p>Por su parte, el gobernador de Buenos Aires explic\u00f3 que despu\u00e9s de las pol\u00edticas activas del Estado en la pandemia para hacer testeos, contener los contagios, y garantizar el aislamiento preventivo y obligatorio en el barrio Azul, \u201csobre todo en los sectores m\u00e1s vulnerables, se determin\u00f3 que el barrio tenga los servicios sociales b\u00e1sicos, con viviendas y mejoras en instalaciones el\u00e9ctricas, luz y agua\u201d.<\/p>\n\n\n\n<p>Los convenios de adhesi\u00f3n contemplan la construcci\u00f3n de 1.250 viviendas en el municipio de Quilmes; 900 en Berazategui; 300 en Avellaneda; y 600 en Florencio Varela. Sobre esto, el ministro de Desarrollo Territorial y H\u00e1bitat afirm\u00f3 que \u201cse va a generar un trabajo s\u00f3lido que fundamentalmente tiene que ver con la defensa de un proyecto\u201d sobre el que defini\u00f3: \u201cEl Estado es el dinamizador pero el usuario definitivo es la gente\u201d.<\/p>\n\n\n\n<p>Adem\u00e1s, anunci\u00f3 que a partir de marzo \u201cestaremos lanzando 60 mil viviendas en toda la Argentina para poner\u201d al pa\u00eds \u201cde pie con trabajo, con equidad y con desarrollo para que la Argentina se reconstruya a partir de algo maravilloso como es la vivienda propia\u201d.<\/p>\n\n\n\n<p>A su turno, la intendenta de Quilmes asegur\u00f3: \u201cPoder tener redes de agua y la infraestructura socio comunitaria b\u00e1sica parec\u00eda un sue\u00f1o, pero se hizo realidad con voluntad pol\u00edtica y de trabajo\u201d.<\/p>\n\n\n\n<p>Los acuerdos suscriptos entre el Gobierno nacional y el municipio de Quilmes incluyen la instalaci\u00f3n de luces led en el barrio Azul (Ministerio de Obras P\u00fablicas), y la rectificaci\u00f3n y unificaci\u00f3n de la traza del Acceso Sudeste a cargo de Vialidad Nacional, por una inversi\u00f3n total de 750 millones de pesos.<\/p>\n\n\n\n<p>Adem\u00e1s, contemplan la ejecuci\u00f3n de la red secundaria de agua para ese barrio, cuyo monto asciende a 30.223.000 pesos, en el marco del Plan Agua y Cloaca M\u00e1s Trabajo, por parte de Aysa; y la construcci\u00f3n de un punto de inclusi\u00f3n (Ministerio de Desarrollo Social) para la implementaci\u00f3n del proyecto \u201cBase operativa social Barrio Azul, \u00e1rea de contenci\u00f3n\u201d. Por otro lado, la intendenta Mendoza firm\u00f3 un convenio para la construcci\u00f3n de 32 viviendas con el Instituto Provincial de la Vivienda.<\/p>\n\n\n\n<p>Fuente: Presidencia de la Naci\u00f3n\/Prensa Municipalidad de Avellaneda<\/p>\n","protected":false},"excerpt":{"rendered":"<p>El presidente Alberto Fern\u00e1ndez encabez\u00f3 este mediod\u00eda en la residencia de Olivos el acto de anuncio de obras y la firma de convenios de adhesi\u00f3n al Programa \u201cCasa Propia &#8211; Construir Futuro\u201d con los municipios de Avellaneda, Quilmes, Berazategui y Florencio Varela para la construcci\u00f3n de m\u00e1s de 3 mil viviendas. El programa &#8220;Casa Propia- [&hellip;]<\/p>\n","protected":false},"author":2,"featured_media":5184,"comment_status":"closed","ping_status":"open","sticky":false,"template":"","format":"standard","meta":{"footnotes":""},"categories":[4,9],"tags":[1412,1411],"_links":{"self":[{"href":"https:\/\/agendadelsur.com\/index.php\/wp-json\/wp\/v2\/posts\/5183"}],"collection":[{"href":"https:\/\/agendadelsur.com\/index.php\/wp-json\/wp\/v2\/posts"}],"about":[{"href":"https:\/\/agendadelsur.com\/index.php\/wp-json\/wp\/v2\/types\/post"}],"author":[{"embeddable":true,"href":"https:\/\/agendadelsur.com\/index.php\/wp-json\/wp\/v2\/users\/2"}],"replies":[{"embeddable":true,"href":"https:\/\/agendadelsur.com\/index.php\/wp-json\/wp\/v2\/comments?post=5183"}],"version-history":[{"count":1,"href":"https:\/\/agendadelsur.com\/index.php\/wp-json\/wp\/v2\/posts\/5183\/revisions"}],"predecessor-version":[{"id":5185,"href":"https:\/\/agendadelsur.com\/index.php\/wp-json\/wp\/v2\/posts\/5183\/revisions\/5185"}],"wp:featuredmedia":[{"embeddable":true,"href":"https:\/\/agendadelsur.com\/index.php\/wp-json\/wp\/v2\/media\/5184"}],"wp:attachment":[{"href":"https:\/\/agendadelsur.com\/index.php\/wp-json\/wp\/v2\/media?parent=5183"}],"wp:term":[{"taxonomy":"category","embeddable":true,"href":"https:\/\/agendadelsur.com\/index.php\/wp-json\/wp\/v2\/categories?post=5183"},{"taxonomy":"post_tag","embeddable":true,"href":"https:\/\/agendadelsur.com\/index.php\/wp-json\/wp\/v2\/tags?post=5183"}],"curies":[{"name":"wp","href":"https:\/\/api.w.org\/{rel}","templated":true}]}}