{"id":51901,"date":"2024-11-01T00:02:42","date_gmt":"2024-11-01T03:02:42","guid":{"rendered":"https:\/\/agendadelsur.com\/?p=51901"},"modified":"2024-11-01T00:02:43","modified_gmt":"2024-11-01T03:02:43","slug":"perversos-sturzenegger-valoro-que-mas-de-33-mil-empleados-publicos-se-quedaran-sin-trabajo-en-lo-que-va-del-ano-y-lo-celebro-en-sus-redes","status":"publish","type":"post","link":"https:\/\/agendadelsur.com\/index.php\/2024\/11\/01\/perversos-sturzenegger-valoro-que-mas-de-33-mil-empleados-publicos-se-quedaran-sin-trabajo-en-lo-que-va-del-ano-y-lo-celebro-en-sus-redes\/","title":{"rendered":"Perversos. Sturzenegger valor\u00f3 que m\u00e1s de 33 mil empleados p\u00fablicos se quedaran sin trabajo en lo que va del a\u00f1o y lo celebr\u00f3 en sus redes."},"content":{"rendered":"\n<h6 class=\"wp-block-heading\">El ministro de Desregulaci\u00f3n y Transformaci\u00f3n del Estado, Federico Sturzenegger, public\u00f3 en sus redes sociales el detalle de la reducci\u00f3n de la planta estatal actualizada a septiembre.<\/h6>\n\n\n<div class=\"wp-block-image\">\n<figure class=\"aligncenter size-full is-resized\"><img loading=\"lazy\" decoding=\"async\" width=\"750\" height=\"500\" src=\"https:\/\/agendadelsur.com\/wp-content\/uploads\/2024\/10\/6723b047b5cc1_750x500.jpg\" alt=\"\" class=\"wp-image-51902\" style=\"width:510px;height:auto\" srcset=\"https:\/\/agendadelsur.com\/wp-content\/uploads\/2024\/10\/6723b047b5cc1_750x500.jpg 750w, https:\/\/agendadelsur.com\/wp-content\/uploads\/2024\/10\/6723b047b5cc1_750x500-300x200.jpg 300w\" sizes=\"(max-width: 750px) 100vw, 750px\" \/><\/figure><\/div>\n\n\n<p><a href=\"https:\/\/twitter.com\/fedesturze\/status\/1851934715835515059\/photo\/1\">https:\/\/twitter.com\/fedesturze\/status\/1851934715835515059\/photo\/1<\/a><\/p>\n\n\n\n<p>A casi 10 meses del inicio de la motosierra del presidente Javier Milei, el Gobierno reconoce que los despidos en diversas \u00e1reas del Estado ya superan los 33 mil.<\/p>\n\n\n\n<p>\u201cLa \u00fanica manera sustentable de bajar la carga de impuestos es bajando el gasto p\u00fablico. Todo el equipo del presidente Javier Milei trabaja para ello. Ac\u00e1 el gr\u00e1fico con la variaci\u00f3n en la planta de empleados p\u00fablicos actualizada a septiembre\u201d, afirm\u00f3 el funcionario en X (antes Twitter).<\/p>\n\n\n\n<p>Fuente: politicaargentina.com<\/p>\n","protected":false},"excerpt":{"rendered":"<p>El ministro de Desregulaci\u00f3n y Transformaci\u00f3n del Estado, Federico Sturzenegger, public\u00f3 en sus redes sociales el detalle de la reducci\u00f3n de la planta estatal actualizada a septiembre. https:\/\/twitter.com\/fedesturze\/status\/1851934715835515059\/photo\/1 A casi 10 meses del inicio de la motosierra del presidente Javier Milei, el Gobierno reconoce que los despidos en diversas \u00e1reas del Estado ya superan los [&hellip;]<\/p>\n","protected":false},"author":2,"featured_media":51903,"comment_status":"closed","ping_status":"open","sticky":false,"template":"","format":"standard","meta":{"footnotes":""},"categories":[9],"tags":[],"_links":{"self":[{"href":"https:\/\/agendadelsur.com\/index.php\/wp-json\/wp\/v2\/posts\/51901"}],"collection":[{"href":"https:\/\/agendadelsur.com\/index.php\/wp-json\/wp\/v2\/posts"}],"about":[{"href":"https:\/\/agendadelsur.com\/index.php\/wp-json\/wp\/v2\/types\/post"}],"author":[{"embeddable":true,"href":"https:\/\/agendadelsur.com\/index.php\/wp-json\/wp\/v2\/users\/2"}],"replies":[{"embeddable":true,"href":"https:\/\/agendadelsur.com\/index.php\/wp-json\/wp\/v2\/comments?post=51901"}],"version-history":[{"count":1,"href":"https:\/\/agendadelsur.com\/index.php\/wp-json\/wp\/v2\/posts\/51901\/revisions"}],"predecessor-version":[{"id":51904,"href":"https:\/\/agendadelsur.com\/index.php\/wp-json\/wp\/v2\/posts\/51901\/revisions\/51904"}],"wp:featuredmedia":[{"embeddable":true,"href":"https:\/\/agendadelsur.com\/index.php\/wp-json\/wp\/v2\/media\/51903"}],"wp:attachment":[{"href":"https:\/\/agendadelsur.com\/index.php\/wp-json\/wp\/v2\/media?parent=51901"}],"wp:term":[{"taxonomy":"category","embeddable":true,"href":"https:\/\/agendadelsur.com\/index.php\/wp-json\/wp\/v2\/categories?post=51901"},{"taxonomy":"post_tag","embeddable":true,"href":"https:\/\/agendadelsur.com\/index.php\/wp-json\/wp\/v2\/tags?post=51901"}],"curies":[{"name":"wp","href":"https:\/\/api.w.org\/{rel}","templated":true}]}}