{"id":5204,"date":"2020-12-29T18:55:44","date_gmt":"2020-12-29T21:55:44","guid":{"rendered":"https:\/\/agendadelsur.com\/?p=5204"},"modified":"2021-01-01T21:33:06","modified_gmt":"2021-01-02T00:33:06","slug":"ley-sobre-la-intervencion-voluntaria-del-embarazo-aborto-legal-o-aborto-clandestino","status":"publish","type":"post","link":"https:\/\/agendadelsur.com\/index.php\/2020\/12\/29\/ley-sobre-la-intervencion-voluntaria-del-embarazo-aborto-legal-o-aborto-clandestino\/","title":{"rendered":"Ley sobre la Interrupci\u00f3n Voluntaria del Embarazo: Aborto Legal o Aborto Clandestino"},"content":{"rendered":"\n<p>Algunas propuestas han instalado falsas ideas sobre el alcance de la ley en ciertos sectores de la sociedad, por lo tanto, insistir en los ejes centrales de la misma contribuye a encontrar alguna certezas. La disyuntiva no es aborto si o aborto no, si no aborto legal o clandestino.<\/p>\n\n\n\n<p>El aborto en nuestro pa\u00eds, de hecho, ya se practica y la ley, en caso de aprobarse, s\u00f3lo otorga el Derecho al Aborto Legal, Seguro y Gratuito a quien necesite o decida realizarlo. Por m\u00e1s que sea obvio aclararlo, no obliga a ninguna mujer a realiz\u00e1rselo.<\/p>\n\n\n\n<p>Un informe de la ONG Amnist\u00eda Internacional&nbsp;de a\u00f1o <strong>2005, <\/strong>sostiene que <strong>la cifra de 450 mil es la cantidad de abortos realizados por a\u00f1o en nuestro pa\u00eds y corresponde al &nbsp;&nbsp;trabajo realizado por 2 dem\u00f3grafas (especialistas que estudian la evoluci\u00f3n de la poblaci\u00f3n), Edith Pantelides y Silvia Mario, a pedido del Ministerio de Salud de la Naci\u00f3n.<\/strong> &nbsp;<\/p>\n\n\n\n<p><strong>El presidente de la Naci\u00f3n, Alberto Fern\u00e1ndez,&nbsp;cumpliendo una promesa de su campa\u00f1a electoral, env\u00edo el proyecto de legalizaci\u00f3n del aborto al Congreso de la Naci\u00f3n.<\/strong>&nbsp;<\/p>\n\n\n\n<p>Adem\u00e1s, el mandatario present\u00f3 el proyecto de ley que instituye el&nbsp;<strong>\u201cPrograma de los mil d\u00edas\u201d, que busca fortalecer los cuidados de la mujer embarazada y de los primeros a\u00f1os de vida de los ni\u00f1os.<\/strong><\/p>\n\n\n\n<p>\u201cEducaci\u00f3n sexual&nbsp;<strong>para decidir<\/strong>, anticonceptivos&nbsp;<strong>para<\/strong>&nbsp;no&nbsp;<strong>abortar<\/strong>,&nbsp;<strong>aborto legal para no morir<\/strong>\u201d<\/p>\n\n\n\n<p>Agenda del Sur<\/p>\n","protected":false},"excerpt":{"rendered":"<p>Algunas propuestas han instalado falsas ideas sobre el alcance de la ley en ciertos sectores de la sociedad, por lo tanto, insistir en los ejes centrales de la misma contribuye a encontrar alguna certezas. La disyuntiva no es aborto si o aborto no, si no aborto legal o clandestino. El aborto en nuestro pa\u00eds, de [&hellip;]<\/p>\n","protected":false},"author":2,"featured_media":5205,"comment_status":"closed","ping_status":"open","sticky":false,"template":"","format":"standard","meta":{"footnotes":""},"categories":[9],"tags":[1420,1421],"_links":{"self":[{"href":"https:\/\/agendadelsur.com\/index.php\/wp-json\/wp\/v2\/posts\/5204"}],"collection":[{"href":"https:\/\/agendadelsur.com\/index.php\/wp-json\/wp\/v2\/posts"}],"about":[{"href":"https:\/\/agendadelsur.com\/index.php\/wp-json\/wp\/v2\/types\/post"}],"author":[{"embeddable":true,"href":"https:\/\/agendadelsur.com\/index.php\/wp-json\/wp\/v2\/users\/2"}],"replies":[{"embeddable":true,"href":"https:\/\/agendadelsur.com\/index.php\/wp-json\/wp\/v2\/comments?post=5204"}],"version-history":[{"count":4,"href":"https:\/\/agendadelsur.com\/index.php\/wp-json\/wp\/v2\/posts\/5204\/revisions"}],"predecessor-version":[{"id":5235,"href":"https:\/\/agendadelsur.com\/index.php\/wp-json\/wp\/v2\/posts\/5204\/revisions\/5235"}],"wp:featuredmedia":[{"embeddable":true,"href":"https:\/\/agendadelsur.com\/index.php\/wp-json\/wp\/v2\/media\/5205"}],"wp:attachment":[{"href":"https:\/\/agendadelsur.com\/index.php\/wp-json\/wp\/v2\/media?parent=5204"}],"wp:term":[{"taxonomy":"category","embeddable":true,"href":"https:\/\/agendadelsur.com\/index.php\/wp-json\/wp\/v2\/categories?post=5204"},{"taxonomy":"post_tag","embeddable":true,"href":"https:\/\/agendadelsur.com\/index.php\/wp-json\/wp\/v2\/tags?post=5204"}],"curies":[{"name":"wp","href":"https:\/\/api.w.org\/{rel}","templated":true}]}}