{"id":52628,"date":"2024-11-28T00:24:55","date_gmt":"2024-11-28T03:24:55","guid":{"rendered":"https:\/\/agendadelsur.com\/?p=52628"},"modified":"2024-11-28T00:24:55","modified_gmt":"2024-11-28T03:24:55","slug":"el-gobierno-peronista-de-formosa-anuncio-un-bono-de-700-mil-pesos","status":"publish","type":"post","link":"https:\/\/agendadelsur.com\/index.php\/2024\/11\/28\/el-gobierno-peronista-de-formosa-anuncio-un-bono-de-700-mil-pesos\/","title":{"rendered":"El gobierno peronista de Formosa anunci\u00f3 un bono de 700 mil pesos"},"content":{"rendered":"\n<h6 class=\"wp-block-heading\">El gobernador de la provincia, Gildo Insfr\u00e1n, anunci\u00f3 este mi\u00e9rcoles el pago de un bono excepcional de 700.000 pesos para los empleados estatales activos y pasivos de la provincia. La medida, que se pagar\u00e1 en dos cuotas a partir de enero de 2025, busca mitigar lo que desde la administraci\u00f3n provincial consideran una p\u00e9rdida del poder adquisitivo debido a las pol\u00edticas econ\u00f3micas implementadas por el gobierno de Javier Milei.<\/h6>\n\n\n<div class=\"wp-block-image\">\n<figure class=\"aligncenter size-full is-resized\"><img loading=\"lazy\" decoding=\"async\" width=\"700\" height=\"480\" src=\"https:\/\/agendadelsur.com\/wp-content\/uploads\/2024\/11\/67476f53627ba_750x500.jpg\" alt=\"\" class=\"wp-image-52629\" style=\"width:550px;height:auto\" srcset=\"https:\/\/agendadelsur.com\/wp-content\/uploads\/2024\/11\/67476f53627ba_750x500.jpg 700w, https:\/\/agendadelsur.com\/wp-content\/uploads\/2024\/11\/67476f53627ba_750x500-300x206.jpg 300w\" sizes=\"(max-width: 700px) 100vw, 700px\" \/><\/figure><\/div>\n\n\n<p>Este bono se suma a otras medidas que buscan asegurar que los empleados p\u00fablicos puedan afrontar las fiestas con un respiro econ\u00f3mico, incluyendo el pago anticipado de la segunda cuota del aguinaldo y la disponibilidad de los salarios de diciembre antes de fin de a\u00f1o.<\/p>\n\n\n<div class=\"wp-block-image\">\n<figure class=\"aligncenter size-full is-resized\"><img loading=\"lazy\" decoding=\"async\" width=\"300\" height=\"250\" src=\"https:\/\/agendadelsur.com\/wp-content\/uploads\/2024\/11\/agenda-del-sur-1-3.png\" alt=\"\" class=\"wp-image-52552\" style=\"width:456px;height:auto\"\/><\/figure><\/div>","protected":false},"excerpt":{"rendered":"<p>El gobernador de la provincia, Gildo Insfr\u00e1n, anunci\u00f3 este mi\u00e9rcoles el pago de un bono excepcional de 700.000 pesos para los empleados estatales activos y pasivos de la provincia. La medida, que se pagar\u00e1 en dos cuotas a partir de enero de 2025, busca mitigar lo que desde la administraci\u00f3n provincial consideran una p\u00e9rdida del [&hellip;]<\/p>\n","protected":false},"author":2,"featured_media":52629,"comment_status":"closed","ping_status":"open","sticky":false,"template":"","format":"standard","meta":{"footnotes":""},"categories":[1715],"tags":[14969,891,14970,3748],"_links":{"self":[{"href":"https:\/\/agendadelsur.com\/index.php\/wp-json\/wp\/v2\/posts\/52628"}],"collection":[{"href":"https:\/\/agendadelsur.com\/index.php\/wp-json\/wp\/v2\/posts"}],"about":[{"href":"https:\/\/agendadelsur.com\/index.php\/wp-json\/wp\/v2\/types\/post"}],"author":[{"embeddable":true,"href":"https:\/\/agendadelsur.com\/index.php\/wp-json\/wp\/v2\/users\/2"}],"replies":[{"embeddable":true,"href":"https:\/\/agendadelsur.com\/index.php\/wp-json\/wp\/v2\/comments?post=52628"}],"version-history":[{"count":1,"href":"https:\/\/agendadelsur.com\/index.php\/wp-json\/wp\/v2\/posts\/52628\/revisions"}],"predecessor-version":[{"id":52630,"href":"https:\/\/agendadelsur.com\/index.php\/wp-json\/wp\/v2\/posts\/52628\/revisions\/52630"}],"wp:featuredmedia":[{"embeddable":true,"href":"https:\/\/agendadelsur.com\/index.php\/wp-json\/wp\/v2\/media\/52629"}],"wp:attachment":[{"href":"https:\/\/agendadelsur.com\/index.php\/wp-json\/wp\/v2\/media?parent=52628"}],"wp:term":[{"taxonomy":"category","embeddable":true,"href":"https:\/\/agendadelsur.com\/index.php\/wp-json\/wp\/v2\/categories?post=52628"},{"taxonomy":"post_tag","embeddable":true,"href":"https:\/\/agendadelsur.com\/index.php\/wp-json\/wp\/v2\/tags?post=52628"}],"curies":[{"name":"wp","href":"https:\/\/api.w.org\/{rel}","templated":true}]}}