{"id":5314,"date":"2021-01-07T14:15:54","date_gmt":"2021-01-07T17:15:54","guid":{"rendered":"https:\/\/agendadelsur.com\/?p=5314"},"modified":"2021-01-07T14:15:55","modified_gmt":"2021-01-07T17:15:55","slug":"homenaje-a-abogado-norberto-centeno-victima-del-terrorismo-de-estado-durante-la-ultima-dictadura-civico-militar","status":"publish","type":"post","link":"https:\/\/agendadelsur.com\/index.php\/2021\/01\/07\/homenaje-a-abogado-norberto-centeno-victima-del-terrorismo-de-estado-durante-la-ultima-dictadura-civico-militar\/","title":{"rendered":"Homenaje a abogado Norberto Centeno v\u00edctima del terrorismo de Estado durante la \u00faltima dictadura c\u00edvico militar"},"content":{"rendered":"\n<p>La ministra de Trabajo bonaerense, Mara Ruiz Malec, encabez\u00f3 el martes en Mar del Plata el descubrimiento de la placa que le asigna el nombre de \u201cNorberto Centeno\u201d a la Delegaci\u00f3n Regional ubicada en esa ciudad.<\/p>\n\n\n\n<div class=\"wp-block-image\"><figure class=\"aligncenter size-large\"><img loading=\"lazy\" decoding=\"async\" width=\"400\" height=\"270\" src=\"https:\/\/agendadelsur.com\/wp-content\/uploads\/2021\/01\/WhatsApp-Image-2021-01-05-at-17.19.29.jpeg\" alt=\"\" class=\"wp-image-5316\" srcset=\"https:\/\/agendadelsur.com\/wp-content\/uploads\/2021\/01\/WhatsApp-Image-2021-01-05-at-17.19.29.jpeg 400w, https:\/\/agendadelsur.com\/wp-content\/uploads\/2021\/01\/WhatsApp-Image-2021-01-05-at-17.19.29-300x203.jpeg 300w\" sizes=\"(max-width: 400px) 100vw, 400px\" \/><\/figure><\/div>\n\n\n\n<p><strong><em>Norberto &nbsp;Centeno<\/em><\/strong><\/p>\n\n\n\n<p><em>Norberto Oscar Centeno fue &nbsp;un reconocido abogado laborista y especialista en Derecho del Trabajo. Hab\u00eda escrito dos libros en la materia y numeroso material en revistas especializadas. Era dem\u00e1s el autor de la &#8220;Ley de Contrato de Trabajo&#8221; y la &#8220;Ley de Asociaciones Profesionales&#8221;, las cuales hab\u00edan sido suspendidas por la dictadura. Se desempe\u00f1o como abogado de varios sindicatos y &nbsp;asesor de la C.G.T. regional Mar del Plata y Capital Federal.<\/em><\/p>\n\n\n\n<p><em>La noche del 6 de julio de 1977, Norberto y su amigo Ernesto Tomaghelli se dirigieron del caf\u00e9 situado en La Rioja entre Luro y San Mart\u00edn al estudio de Norberto que quedaba en La Rioja y 8 de Julio. Escucharon pasos detr\u00e1s de ellos y una voz que les dec\u00eda: &#8220;Alto, ej\u00e9rcito argentino!&#8221;. Los golpearon y se llevaron a Norberto con los pies a la rastra. Su secuestro fue parte de la famosa &#8220;Noche de las Corbatas&#8221;, durante la cual varios abogados fueron secuestrados en Mar del Plata. Al d\u00eda siguiente tambi\u00e9n detuvieron al ex-socio de Norberto, Jorge Candeloro, en Neuqu\u00e9n.<\/em><\/p>\n\n\n\n<p><em>Norberto fue llevado a centro clandestino de detenci\u00f3n ubicado en la Base A\u00e9rea de Mar del Plata. All\u00ed fue brutalmente torturado, los detenidos escucharon a los torturadores gritar .&#8221;\u00a1Denle al viejo!, \u00a1denle al viejo!&#8221; mientras lo torturaban. Una sobreviviente que le humedeci\u00f3 los labios y trat\u00f3 de animarlo, dijo que estaba confundido y pr\u00e1cticamente agonizando. Falleci\u00f3 durante una sesi\u00f3n de tortura. Su cuerpo apareci\u00f3 el 11 de julio en el camino viejo a Miramar, mostraba muestras de golpes a diversas partes del cuerpo.<\/em><\/p>\n\n\n\n<p><em>La Federaci\u00f3n Argentina de Colegios de Abogados (FACA) ha instaurado el 6 de julio como el D\u00eda Nacional del Abogado v\u00edctima del terrorismo de Estado.<\/em><\/p>\n\n\n\n<p>El 7 de julio del pasado a\u00f1o, , el gobernador Axel Kicillof resolvi\u00f3 mediante el decreto 584\/2020 que las delegaciones del ministerio de Trabajo de Olavarr\u00eda y Mar del Plata llevaran los nombres de los abogados Carlos Moreno y Norberto Centeno, respectivamente, en recuerdo de la tarea llevada adelante por profesionales perseguidos, secuestrados y asesinados por su trabajo y lucha en defensa de la justicia y los derechos de los trabajadores.<\/p>\n\n\n\n<p>En relaci\u00f3n a esto, Ruiz Malec explic\u00f3 que, en esa oportunidad, \u201chicimos un peque\u00f1o acto por zoom porque atraves\u00e1bamos el peor momento de la pandemia, y nos quedamos con un poquito de frustraci\u00f3n por no poder realizar algo m\u00e1s a la medida\u201d. \u201cPara nosotros tiene un gran poder simb\u00f3lico porque es gu\u00eda y orientaci\u00f3n, porque hablamos de alguien que tuvo protagonismo y trascendencia en lo que hoy, desde el Ministerio, nos toca defender que son los derechos laborales y la Ley de Contrato de Trabajo. Este homenaje pretendemos que sea una se\u00f1al de hacia d\u00f3nde ir\u201d, agreg\u00f3.<\/p>\n\n\n\n<p>Por su parte, el subsecretario de Relaciones del Trabajo, Leandro Macia sostuvo que al asignarle el nombre de Norberto Centeno a edificio \u201cnos comprometemos con el pueblo bonaerense, comprometemos al Ministerio, a los funcionarios, empleados y empleadas que cumplen funciones en la Delegaci\u00f3n a honrar permanentemente su memoria\u201d.<\/p>\n\n\n\n<p>De la actividad participaron, adem\u00e1s de las autoridades de la cartera laboral bonaerense,&nbsp; el director provincial de Delegaciones Regionales, Miguel Funes; el Coordinador, Ra\u00fal Calamante; el Delegado, Leonardo Cabrera; el responsable de la Delegaci\u00f3n, Sergio Arista; familiares y colegas de Centeno.<\/p>\n\n\n\n<p>Fuente: Gobierno de la Provincia de Buenos Aires\/ Agenda del Sur<\/p>\n","protected":false},"excerpt":{"rendered":"<p>La ministra de Trabajo bonaerense, Mara Ruiz Malec, encabez\u00f3 el martes en Mar del Plata el descubrimiento de la placa que le asigna el nombre de \u201cNorberto Centeno\u201d a la Delegaci\u00f3n Regional ubicada en esa ciudad. Norberto &nbsp;Centeno Norberto Oscar Centeno fue &nbsp;un reconocido abogado laborista y especialista en Derecho del Trabajo. Hab\u00eda escrito dos [&hellip;]<\/p>\n","protected":false},"author":2,"featured_media":5315,"comment_status":"closed","ping_status":"open","sticky":false,"template":"","format":"standard","meta":{"footnotes":""},"categories":[9,818],"tags":[1450],"_links":{"self":[{"href":"https:\/\/agendadelsur.com\/index.php\/wp-json\/wp\/v2\/posts\/5314"}],"collection":[{"href":"https:\/\/agendadelsur.com\/index.php\/wp-json\/wp\/v2\/posts"}],"about":[{"href":"https:\/\/agendadelsur.com\/index.php\/wp-json\/wp\/v2\/types\/post"}],"author":[{"embeddable":true,"href":"https:\/\/agendadelsur.com\/index.php\/wp-json\/wp\/v2\/users\/2"}],"replies":[{"embeddable":true,"href":"https:\/\/agendadelsur.com\/index.php\/wp-json\/wp\/v2\/comments?post=5314"}],"version-history":[{"count":1,"href":"https:\/\/agendadelsur.com\/index.php\/wp-json\/wp\/v2\/posts\/5314\/revisions"}],"predecessor-version":[{"id":5317,"href":"https:\/\/agendadelsur.com\/index.php\/wp-json\/wp\/v2\/posts\/5314\/revisions\/5317"}],"wp:featuredmedia":[{"embeddable":true,"href":"https:\/\/agendadelsur.com\/index.php\/wp-json\/wp\/v2\/media\/5315"}],"wp:attachment":[{"href":"https:\/\/agendadelsur.com\/index.php\/wp-json\/wp\/v2\/media?parent=5314"}],"wp:term":[{"taxonomy":"category","embeddable":true,"href":"https:\/\/agendadelsur.com\/index.php\/wp-json\/wp\/v2\/categories?post=5314"},{"taxonomy":"post_tag","embeddable":true,"href":"https:\/\/agendadelsur.com\/index.php\/wp-json\/wp\/v2\/tags?post=5314"}],"curies":[{"name":"wp","href":"https:\/\/api.w.org\/{rel}","templated":true}]}}