{"id":53222,"date":"2024-12-17T20:43:21","date_gmt":"2024-12-17T23:43:21","guid":{"rendered":"https:\/\/agendadelsur.com\/?p=53222"},"modified":"2024-12-17T20:43:22","modified_gmt":"2024-12-17T23:43:22","slug":"distinguen-a-la-matanza-por-su-transparencia-en-el-manejo-de-los-recursos-publicos","status":"publish","type":"post","link":"https:\/\/agendadelsur.com\/index.php\/2024\/12\/17\/distinguen-a-la-matanza-por-su-transparencia-en-el-manejo-de-los-recursos-publicos\/","title":{"rendered":"Distinguen a La Matanza por su transparencia en el manejo de los recursos p\u00fablicos"},"content":{"rendered":"\n<h6 class=\"wp-block-heading\">El Municipio fue reconocido por su destacado cumplimiento en la rendici\u00f3n de cuentas y la transparencia en el manejo de los fondos p\u00fablicos. Una vez m\u00e1s, la Asociaci\u00f3n Argentina de Presupuesto y Administraci\u00f3n Financiera P\u00fablica (ASAP) destac\u00f3 la gesti\u00f3n del intendente de La Matanza y presidente de la Federaci\u00f3n Argentina de Municipios, Fernando Espinoza, otorg\u00e1ndole al Gobierno local la m\u00e1xima calificaci\u00f3n en la gesti\u00f3n: 100 puntos sobre 100.<\/h6>\n\n\n<div class=\"wp-block-image\">\n<figure class=\"aligncenter size-large is-resized\"><img loading=\"lazy\" decoding=\"async\" width=\"1024\" height=\"682\" src=\"https:\/\/agendadelsur.com\/wp-content\/uploads\/2024\/12\/977-1024x682.jpeg\" alt=\"\" class=\"wp-image-53223\" style=\"width:519px;height:auto\" srcset=\"https:\/\/agendadelsur.com\/wp-content\/uploads\/2024\/12\/977-1024x682.jpeg 1024w, https:\/\/agendadelsur.com\/wp-content\/uploads\/2024\/12\/977-300x200.jpeg 300w, https:\/\/agendadelsur.com\/wp-content\/uploads\/2024\/12\/977-768x512.jpeg 768w, https:\/\/agendadelsur.com\/wp-content\/uploads\/2024\/12\/977-1536x1023.jpeg 1536w, https:\/\/agendadelsur.com\/wp-content\/uploads\/2024\/12\/977.jpeg 2048w\" sizes=\"(max-width: 1024px) 100vw, 1024px\" \/><figcaption class=\"wp-element-caption\"><em>Intendente Fernando Espinoza<\/em><\/figcaption><\/figure><\/div>\n\n\n<p>Este reconocimiento se debe al \u201calto y estricto cumplimiento de las cuentas p\u00fablicas\u201d, destaca la ASAP, resaltando la transparencia en la informaci\u00f3n fiscal y el manejo eficiente de los recursos municipales, de acuerdo con el an\u00e1lisis de la ejecuci\u00f3n presupuestaria.<\/p>\n\n\n\n<p>En un contexto de creciente inter\u00e9s por la difusi\u00f3n de las cuentas p\u00fablicas y el acceso a la informaci\u00f3n, la ASAP present\u00f3 un nuevo relevamiento y evaluaci\u00f3n de la informaci\u00f3n fiscal publicada por los 135 municipios bonaerenses, en el cual La Matanza se posicion\u00f3 entre los municipios con los mejores resultados obtenidos.<\/p>\n\n\n\n<p>Fuente: Municipalidad de la Matanza<\/p>\n\n\n<div class=\"wp-block-image\">\n<figure class=\"aligncenter size-full is-resized\"><img loading=\"lazy\" decoding=\"async\" width=\"300\" height=\"250\" src=\"https:\/\/agendadelsur.com\/wp-content\/uploads\/2024\/12\/agenda-del-sur-1-1.png\" alt=\"\" class=\"wp-image-52963\" style=\"width:536px;height:auto\"\/><\/figure><\/div>","protected":false},"excerpt":{"rendered":"<p>El Municipio fue reconocido por su destacado cumplimiento en la rendici\u00f3n de cuentas y la transparencia en el manejo de los fondos p\u00fablicos. Una vez m\u00e1s, la Asociaci\u00f3n Argentina de Presupuesto y Administraci\u00f3n Financiera P\u00fablica (ASAP) destac\u00f3 la gesti\u00f3n del intendente de La Matanza y presidente de la Federaci\u00f3n Argentina de Municipios, Fernando Espinoza, otorg\u00e1ndole [&hellip;]<\/p>\n","protected":false},"author":2,"featured_media":53224,"comment_status":"closed","ping_status":"open","sticky":false,"template":"","format":"standard","meta":{"footnotes":""},"categories":[6529],"tags":[37,15154],"_links":{"self":[{"href":"https:\/\/agendadelsur.com\/index.php\/wp-json\/wp\/v2\/posts\/53222"}],"collection":[{"href":"https:\/\/agendadelsur.com\/index.php\/wp-json\/wp\/v2\/posts"}],"about":[{"href":"https:\/\/agendadelsur.com\/index.php\/wp-json\/wp\/v2\/types\/post"}],"author":[{"embeddable":true,"href":"https:\/\/agendadelsur.com\/index.php\/wp-json\/wp\/v2\/users\/2"}],"replies":[{"embeddable":true,"href":"https:\/\/agendadelsur.com\/index.php\/wp-json\/wp\/v2\/comments?post=53222"}],"version-history":[{"count":1,"href":"https:\/\/agendadelsur.com\/index.php\/wp-json\/wp\/v2\/posts\/53222\/revisions"}],"predecessor-version":[{"id":53225,"href":"https:\/\/agendadelsur.com\/index.php\/wp-json\/wp\/v2\/posts\/53222\/revisions\/53225"}],"wp:featuredmedia":[{"embeddable":true,"href":"https:\/\/agendadelsur.com\/index.php\/wp-json\/wp\/v2\/media\/53224"}],"wp:attachment":[{"href":"https:\/\/agendadelsur.com\/index.php\/wp-json\/wp\/v2\/media?parent=53222"}],"wp:term":[{"taxonomy":"category","embeddable":true,"href":"https:\/\/agendadelsur.com\/index.php\/wp-json\/wp\/v2\/categories?post=53222"},{"taxonomy":"post_tag","embeddable":true,"href":"https:\/\/agendadelsur.com\/index.php\/wp-json\/wp\/v2\/tags?post=53222"}],"curies":[{"name":"wp","href":"https:\/\/api.w.org\/{rel}","templated":true}]}}