{"id":53711,"date":"2025-01-07T14:02:40","date_gmt":"2025-01-07T17:02:40","guid":{"rendered":"https:\/\/agendadelsur.com\/?p=53711"},"modified":"2025-01-07T14:02:40","modified_gmt":"2025-01-07T17:02:40","slug":"asbesto-en-el-subte","status":"publish","type":"post","link":"https:\/\/agendadelsur.com\/index.php\/2025\/01\/07\/asbesto-en-el-subte\/","title":{"rendered":"Asbesto en el subte"},"content":{"rendered":"\n<blockquote class=\"wp-block-quote is-layout-flow wp-block-quote-is-layout-flow\">\n<h6 class=\"wp-block-heading\">Los metrodelegados anunciaron que este mi\u00e9rcoles 8 de enero se movilizar\u00e1n hacia la sede de SBASE, con el objetivo reclamar nuevos trenes para el subte libres de asbesto.<\/h6>\n\n\n<div class=\"wp-block-image\">\n<figure class=\"aligncenter size-full is-resized\"><img loading=\"lazy\" decoding=\"async\" width=\"650\" height=\"280\" src=\"https:\/\/agendadelsur.com\/wp-content\/uploads\/2025\/01\/7d522f65e23d63d680ca9fe9f748d8.jpg\" alt=\"\" class=\"wp-image-53712\" style=\"width:615px;height:auto\" srcset=\"https:\/\/agendadelsur.com\/wp-content\/uploads\/2025\/01\/7d522f65e23d63d680ca9fe9f748d8.jpg 650w, https:\/\/agendadelsur.com\/wp-content\/uploads\/2025\/01\/7d522f65e23d63d680ca9fe9f748d8-300x129.jpg 300w\" sizes=\"(max-width: 650px) 100vw, 650px\" \/><\/figure><\/div><\/blockquote>\n\n\n\n<p>De acuerdo al comunicado difundido por la Asociaci\u00f3n Gremial de Trabajadores del Subte y Premetro (AGTSyP), los metrodelegados tambi\u00e9n marchar\u00e1n para protestar por el llamado a una licitaci\u00f3n para la compra de nuevas flotas sin asbesto para la l\u00ednea B.<\/p>\n\n\n\n<p>&#8220;Adem\u00e1s, continuaremos denunciando la crisis sanitaria que atraviesa el subte de la Ciudad por la presencia de asbesto, la obsolescencia de las flotas de varias l\u00edneas y la falta de mantenimiento e inversi\u00f3n en la red que da como resultado un servicio deficiente e inseguro para los millones de usuarios, como tambi\u00e9n \u00e1mbitos y condiciones laborales deplorables para los trabajadores&#8221;, a\u00f1ade el escrito.<\/p>\n\n\n\n<p>Por su parte, los maquinistas remarcaron que &#8220;ya son cuatro los compa\u00f1eros fallecidos afectados por el c\u00e1ncer provocado por la contaminaci\u00f3n con el asbesto presente en el subte&#8221; y apuntaron contra Emova y las distintas gestiones por &#8220;no hacer todo lo que corresponde para retirarlo&#8221;.<\/p>\n\n\n\n<p>En este marco, instaron a que el jefe de Gobierno porte\u00f1o, Jorge Macri, y la empresa concesionaria a que &#8220;dejen de negar la crisis sanitaria que perjudicaron a otros 127 trabajadores y conforma un riesgo latente para los pasajeros&#8221; que viajan a diario en el subte.<\/p>\n\n\n\n<p>Fuente: NA<\/p>\n\n\n<div class=\"wp-block-image\">\n<figure class=\"aligncenter size-full is-resized\"><img loading=\"lazy\" decoding=\"async\" width=\"300\" height=\"250\" src=\"https:\/\/agendadelsur.com\/wp-content\/uploads\/2025\/01\/agenda-del-sur-1.png\" alt=\"\" class=\"wp-image-53592\" style=\"width:468px;height:auto\"\/><\/figure><\/div>","protected":false},"excerpt":{"rendered":"<p>De acuerdo al comunicado difundido por la Asociaci\u00f3n Gremial de Trabajadores del Subte y Premetro (AGTSyP), los metrodelegados tambi\u00e9n marchar\u00e1n para protestar por el llamado a una licitaci\u00f3n para la compra de nuevas flotas sin asbesto para la l\u00ednea B. &#8220;Adem\u00e1s, continuaremos denunciando la crisis sanitaria que atraviesa el subte de la Ciudad por la [&hellip;]<\/p>\n","protected":false},"author":2,"featured_media":53713,"comment_status":"closed","ping_status":"open","sticky":false,"template":"","format":"standard","meta":{"footnotes":""},"categories":[926],"tags":[15244],"_links":{"self":[{"href":"https:\/\/agendadelsur.com\/index.php\/wp-json\/wp\/v2\/posts\/53711"}],"collection":[{"href":"https:\/\/agendadelsur.com\/index.php\/wp-json\/wp\/v2\/posts"}],"about":[{"href":"https:\/\/agendadelsur.com\/index.php\/wp-json\/wp\/v2\/types\/post"}],"author":[{"embeddable":true,"href":"https:\/\/agendadelsur.com\/index.php\/wp-json\/wp\/v2\/users\/2"}],"replies":[{"embeddable":true,"href":"https:\/\/agendadelsur.com\/index.php\/wp-json\/wp\/v2\/comments?post=53711"}],"version-history":[{"count":1,"href":"https:\/\/agendadelsur.com\/index.php\/wp-json\/wp\/v2\/posts\/53711\/revisions"}],"predecessor-version":[{"id":53714,"href":"https:\/\/agendadelsur.com\/index.php\/wp-json\/wp\/v2\/posts\/53711\/revisions\/53714"}],"wp:featuredmedia":[{"embeddable":true,"href":"https:\/\/agendadelsur.com\/index.php\/wp-json\/wp\/v2\/media\/53713"}],"wp:attachment":[{"href":"https:\/\/agendadelsur.com\/index.php\/wp-json\/wp\/v2\/media?parent=53711"}],"wp:term":[{"taxonomy":"category","embeddable":true,"href":"https:\/\/agendadelsur.com\/index.php\/wp-json\/wp\/v2\/categories?post=53711"},{"taxonomy":"post_tag","embeddable":true,"href":"https:\/\/agendadelsur.com\/index.php\/wp-json\/wp\/v2\/tags?post=53711"}],"curies":[{"name":"wp","href":"https:\/\/api.w.org\/{rel}","templated":true}]}}