{"id":54220,"date":"2025-01-27T15:13:55","date_gmt":"2025-01-27T18:13:55","guid":{"rendered":"https:\/\/agendadelsur.com\/?p=54220"},"modified":"2025-01-27T15:13:56","modified_gmt":"2025-01-27T18:13:56","slug":"nuevo-polideportivo-en-isla-maciel","status":"publish","type":"post","link":"https:\/\/agendadelsur.com\/index.php\/2025\/01\/27\/nuevo-polideportivo-en-isla-maciel\/","title":{"rendered":"Nuevo Polideportivo en Isla Maciel"},"content":{"rendered":"\n<blockquote class=\"wp-block-quote is-layout-flow wp-block-quote-is-layout-flow\">\n<p>Avanza la obra del edificio de dos plantas y un natatorio con dos piletas climatizadas, una semi ol\u00edmpica y una recreativa con cubierta corrediza, vestuarios, oficinas, sala de maquinas y hall.<\/p>\n<\/blockquote>\n\n\n\n<figure class=\"wp-block-image size-full\"><img loading=\"lazy\" decoding=\"async\" width=\"500\" height=\"493\" src=\"https:\/\/agendadelsur.com\/wp-content\/uploads\/2025\/01\/b.jpg\" alt=\"\" class=\"wp-image-54221\" srcset=\"https:\/\/agendadelsur.com\/wp-content\/uploads\/2025\/01\/b.jpg 500w, https:\/\/agendadelsur.com\/wp-content\/uploads\/2025\/01\/b-300x296.jpg 300w\" sizes=\"(max-width: 500px) 100vw, 500px\" \/><\/figure>\n\n\n\n<p>En el polideportivo funcionar\u00e1 un play\u00f3n multifuncional, un espacio de expansi\u00f3n exterior, vestuarios, sanitarios, buffet, cocina y administraci\u00f3n.<\/p>\n\n\n\n<p>El Municipio de Avellaneda fomenta &nbsp;actividades para el desarrollo comunitario para fortalecer espacios que promocionen la integraci\u00f3n cultural, social y deportiva de los vecinos y vecinas.<\/p>\n\n\n<div class=\"wp-block-image\">\n<figure class=\"aligncenter size-full is-resized\"><img loading=\"lazy\" decoding=\"async\" width=\"300\" height=\"300\" src=\"https:\/\/agendadelsur.com\/wp-content\/uploads\/2025\/01\/TOTAL-2-3.jpg\" alt=\"\" class=\"wp-image-54048\" style=\"width:480px;height:auto\" srcset=\"https:\/\/agendadelsur.com\/wp-content\/uploads\/2025\/01\/TOTAL-2-3.jpg 300w, https:\/\/agendadelsur.com\/wp-content\/uploads\/2025\/01\/TOTAL-2-3-150x150.jpg 150w\" sizes=\"(max-width: 300px) 100vw, 300px\" \/><\/figure><\/div>","protected":false},"excerpt":{"rendered":"<p>Avanza la obra del edificio de dos plantas y un natatorio con dos piletas climatizadas, una semi ol\u00edmpica y una recreativa con cubierta corrediza, vestuarios, oficinas, sala de maquinas y hall. En el polideportivo funcionar\u00e1 un play\u00f3n multifuncional, un espacio de expansi\u00f3n exterior, vestuarios, sanitarios, buffet, cocina y administraci\u00f3n. El Municipio de Avellaneda fomenta &nbsp;actividades [&hellip;]<\/p>\n","protected":false},"author":2,"featured_media":54222,"comment_status":"closed","ping_status":"open","sticky":false,"template":"","format":"standard","meta":{"footnotes":""},"categories":[4],"tags":[15342,15343],"_links":{"self":[{"href":"https:\/\/agendadelsur.com\/index.php\/wp-json\/wp\/v2\/posts\/54220"}],"collection":[{"href":"https:\/\/agendadelsur.com\/index.php\/wp-json\/wp\/v2\/posts"}],"about":[{"href":"https:\/\/agendadelsur.com\/index.php\/wp-json\/wp\/v2\/types\/post"}],"author":[{"embeddable":true,"href":"https:\/\/agendadelsur.com\/index.php\/wp-json\/wp\/v2\/users\/2"}],"replies":[{"embeddable":true,"href":"https:\/\/agendadelsur.com\/index.php\/wp-json\/wp\/v2\/comments?post=54220"}],"version-history":[{"count":1,"href":"https:\/\/agendadelsur.com\/index.php\/wp-json\/wp\/v2\/posts\/54220\/revisions"}],"predecessor-version":[{"id":54223,"href":"https:\/\/agendadelsur.com\/index.php\/wp-json\/wp\/v2\/posts\/54220\/revisions\/54223"}],"wp:featuredmedia":[{"embeddable":true,"href":"https:\/\/agendadelsur.com\/index.php\/wp-json\/wp\/v2\/media\/54222"}],"wp:attachment":[{"href":"https:\/\/agendadelsur.com\/index.php\/wp-json\/wp\/v2\/media?parent=54220"}],"wp:term":[{"taxonomy":"category","embeddable":true,"href":"https:\/\/agendadelsur.com\/index.php\/wp-json\/wp\/v2\/categories?post=54220"},{"taxonomy":"post_tag","embeddable":true,"href":"https:\/\/agendadelsur.com\/index.php\/wp-json\/wp\/v2\/tags?post=54220"}],"curies":[{"name":"wp","href":"https:\/\/api.w.org\/{rel}","templated":true}]}}