{"id":55149,"date":"2025-03-02T15:22:35","date_gmt":"2025-03-02T18:22:35","guid":{"rendered":"https:\/\/agendadelsur.com\/?p=55149"},"modified":"2025-03-02T15:22:36","modified_gmt":"2025-03-02T18:22:36","slug":"hay-que-defender-nuestra-democracia-de-los-ataques-del-presidente-milei","status":"publish","type":"post","link":"https:\/\/agendadelsur.com\/index.php\/2025\/03\/02\/hay-que-defender-nuestra-democracia-de-los-ataques-del-presidente-milei\/","title":{"rendered":"&#8220;Hay que defender nuestra democracia de los ataques del presidente Milei&#8221;"},"content":{"rendered":"\n<h6 class=\"wp-block-heading\">Lo expres\u00f3 el presidente de la Uni\u00f3n C\u00edvica Radical (UCR), Mart\u00edn Lousteau que repudi\u00f3 las agresiones que sufri\u00f3 el s\u00e1bado por la noche en la apertura de sesiones ordinarias el legislador radical Facundo Manes por parte de Santiago Caputo<\/h6>\n\n\n<div class=\"wp-block-image\">\n<figure class=\"aligncenter size-full is-resized\"><img decoding=\"async\" src=\"https:\/\/agendadelsur.com\/wp-content\/uploads\/2025\/03\/Lousteau-Manes-UCR-828x548-1.jpg\" alt=\"\" class=\"wp-image-55150\" style=\"width:500px;height:auto\"\/><\/figure><\/div>\n\n\n<p>El presidente de la UCR lament\u00f3 las amenazas que recibi\u00f3 el diputado radical ayer por parte de Santiago Caputo y consider\u00f3 el hecho como uno de &#8220;los m\u00e1s graves desde que el Congreso volvi\u00f3 a funcionar en 1983&#8221;.<\/p>\n\n\n<div class=\"wp-block-image\">\n<figure class=\"aligncenter size-full is-resized\"><img decoding=\"async\" src=\"https:\/\/agendadelsur.com\/wp-content\/uploads\/2025\/02\/agenda-del-sur-1-4.png\" alt=\"\" class=\"wp-image-55038\" style=\"width:452px;height:auto\"\/><\/figure><\/div>","protected":false},"excerpt":{"rendered":"<p>Lo expres\u00f3 el presidente de la Uni\u00f3n C\u00edvica Radical (UCR), Mart\u00edn Lousteau que repudi\u00f3 las agresiones que sufri\u00f3 el s\u00e1bado por la noche en la apertura de sesiones ordinarias el legislador radical Facundo Manes por parte de Santiago Caputo El presidente de la UCR lament\u00f3 las amenazas que recibi\u00f3 el diputado radical ayer por parte [&hellip;]<\/p>\n","protected":false},"author":2,"featured_media":0,"comment_status":"closed","ping_status":"open","sticky":false,"template":"","format":"standard","meta":{"footnotes":""},"categories":[9],"tags":[15575,15574],"_links":{"self":[{"href":"https:\/\/agendadelsur.com\/index.php\/wp-json\/wp\/v2\/posts\/55149"}],"collection":[{"href":"https:\/\/agendadelsur.com\/index.php\/wp-json\/wp\/v2\/posts"}],"about":[{"href":"https:\/\/agendadelsur.com\/index.php\/wp-json\/wp\/v2\/types\/post"}],"author":[{"embeddable":true,"href":"https:\/\/agendadelsur.com\/index.php\/wp-json\/wp\/v2\/users\/2"}],"replies":[{"embeddable":true,"href":"https:\/\/agendadelsur.com\/index.php\/wp-json\/wp\/v2\/comments?post=55149"}],"version-history":[{"count":1,"href":"https:\/\/agendadelsur.com\/index.php\/wp-json\/wp\/v2\/posts\/55149\/revisions"}],"predecessor-version":[{"id":55152,"href":"https:\/\/agendadelsur.com\/index.php\/wp-json\/wp\/v2\/posts\/55149\/revisions\/55152"}],"wp:attachment":[{"href":"https:\/\/agendadelsur.com\/index.php\/wp-json\/wp\/v2\/media?parent=55149"}],"wp:term":[{"taxonomy":"category","embeddable":true,"href":"https:\/\/agendadelsur.com\/index.php\/wp-json\/wp\/v2\/categories?post=55149"},{"taxonomy":"post_tag","embeddable":true,"href":"https:\/\/agendadelsur.com\/index.php\/wp-json\/wp\/v2\/tags?post=55149"}],"curies":[{"name":"wp","href":"https:\/\/api.w.org\/{rel}","templated":true}]}}