{"id":55205,"date":"2025-03-04T15:33:05","date_gmt":"2025-03-04T18:33:05","guid":{"rendered":"https:\/\/agendadelsur.com\/?p=55205"},"modified":"2025-03-04T15:33:06","modified_gmt":"2025-03-04T18:33:06","slug":"audiencia-cidh-el-estado-desconocio-su-responsabilidad-por-los-asesinatos-y-la-represion-de-diciembre-de-2001","status":"publish","type":"post","link":"https:\/\/agendadelsur.com\/index.php\/2025\/03\/04\/audiencia-cidh-el-estado-desconocio-su-responsabilidad-por-los-asesinatos-y-la-represion-de-diciembre-de-2001\/","title":{"rendered":"Audiencia CIDH: el Estado desconoci\u00f3 su responsabilidad por los asesinatos y la represi\u00f3n de diciembre de 2001."},"content":{"rendered":"\n<h6 class=\"wp-block-heading\">El Estado argentino retir\u00f3 el reconocimiento de responsabilidad sobre la represi\u00f3n del 2001, luego de haberla aceptado en 2023. Los funcionarios no respondieron a la pregunta sobre qu\u00e9 valoraci\u00f3n hace hoy el Estado sobre lo sucedido en diciembre de 2001. Los hechos del 19 y 20 de diciembre de 2001 fueron una expresi\u00f3n extrema de la violencia estatal, luego de la declaraci\u00f3n injustificada del Estado de Sitio.<\/h6>\n\n\n<div class=\"wp-block-image\">\n<figure class=\"aligncenter size-full is-resized\"><img loading=\"lazy\" decoding=\"async\" width=\"700\" height=\"480\" src=\"https:\/\/agendadelsur.com\/wp-content\/uploads\/2025\/03\/7-1.jpg\" alt=\"\" class=\"wp-image-55206\" style=\"width:526px;height:auto\" srcset=\"https:\/\/agendadelsur.com\/wp-content\/uploads\/2025\/03\/7-1.jpg 700w, https:\/\/agendadelsur.com\/wp-content\/uploads\/2025\/03\/7-1-300x206.jpg 300w\" sizes=\"(max-width: 700px) 100vw, 700px\" \/><figcaption class=\"wp-element-caption\"><em>Foto: Gonzalo Mart\u00ednez<\/em><\/figcaption><\/figure><\/div>\n\n\n<p>Este 3 de marzo, en la audiencia de caso 14.458 \u201cDiego Lamagna y familia y otros Vs Argentina\u201d ante la Comisi\u00f3n Interamericana de Derechos Humanos (CIDH), el Estado argentino retir\u00f3 el reconocimiento de responsabilidad sobre la represi\u00f3n del 2001, luego de haberla aceptado en 2023. En la audiencia el gobierno argentino no justific\u00f3 su cambio de postura sino que se recost\u00f3 en un posicionamiento pol\u00edtico despu\u00e9s del cambio en la gesti\u00f3n estatal. No respondieron a la pregunta sobre qu\u00e9 valoraci\u00f3n hace hoy el Estado sobre lo sucedido en diciembre de 2001.<\/p>\n\n\n\n<p>Los hechos del 19 y 20 de diciembre de 2001 fueron una expresi\u00f3n extrema de la violencia estatal, luego de la declaraci\u00f3n injustificada del Estado de Sitio. El Estado reprimi\u00f3 el leg\u00edtimo derecho a la protesta social y provoc\u00f3 36 muertes, cientos de heridxs y 198 detenciones arbitrarias, sin orden judicial ni justificaci\u00f3n legal. Las fuerzas de seguridad dispararon con munici\u00f3n de plomo. Entre los asesinados estaban Diego Lamagna y Gast\u00f3n Riva.&nbsp;<\/p>\n\n\n\n<p>Las pruebas, recabadas a trav\u00e9s de largos a\u00f1os y sentencias judiciales, demuestran que detr\u00e1s de estos cr\u00edmenes estuvieron las m\u00e1ximas autoridades pol\u00edticas del pa\u00eds: el presidente De la R\u00faa -a quien denunciamos ante la CIDH en 2015-, y los responsables de Seguridad, por declarar el estado de sitio en forma irregular y ordenar y ejecutar la represi\u00f3n.<\/p>\n\n\n\n<p>Violaciones de derechos humanos<\/p>\n\n\n\n<p>El Estado argentino es responsable de la violaci\u00f3n de m\u00faltiples art\u00edculos de la Convenci\u00f3n Americana sobre Derechos Humanos (CADH):&nbsp;<\/p>\n\n\n\n<p>-del derecho a la vida y a la integridad personal, por el uso desmedido de la fuerza que result\u00f3 en muertes y heridas graves.&nbsp;<\/p>\n\n\n\n<p>-del derecho a la libertad personal, por las detenciones arbitrarias sin fundamentos legales.&nbsp;<\/p>\n\n\n\n<p>-del derecho a la protesta, por la criminalizaci\u00f3n y represi\u00f3n.&nbsp;<\/p>\n\n\n\n<p>-por la declaraci\u00f3n del Estado de excepci\u00f3n inconstitucional, sin justificaci\u00f3n real, utilizada como pretexto para desarticular la protesta.&nbsp;<\/p>\n\n\n\n<p>-por la falta de justicia y reparaci\u00f3n a las v\u00edctimas y sus familias.&nbsp;<\/p>\n\n\n\n<p>Persiste la impunidad<\/p>\n\n\n\n<p>Casi 25 a\u00f1os despu\u00e9s las investigaciones siguen inconclusas. Si bien algunas autoridades responsables fueron condenadas, el expresidente De la R\u00faa y los autores directos de los homicidios y heridos por balas policiales nunca fueron responsabilizados. La fragmentaci\u00f3n del proceso y la falta de compromiso del Estado permitieron que la mayor\u00eda de los responsables permanezcan sin haber sido sometidos a un proceso judicial.<\/p>\n\n\n\n<p>Que no vuelva a pasar<\/p>\n\n\n\n<p>Le solicitamos a la CIDH que le pida al Estado argentino que:&nbsp;<\/p>\n\n\n\n<p>1. Reconozca su responsabilidad internacional por las violaciones de derechos humanos cometidas en diciembre de 2001.&nbsp;<\/p>\n\n\n\n<p>2. Reforme su legislaci\u00f3n sobre protesta social y derogue normativas que criminalizan las manifestaciones.&nbsp;<\/p>\n\n\n\n<p>3. Regule el uso de la fuerza en contextos de protesta, se proh\u00edba el uso de armas letales y se controlen las llamadas menos letales.&nbsp;<\/p>\n\n\n\n<p>4. Cree organismos de control externo para la actuaci\u00f3n policial y establezca protocolos de preservaci\u00f3n de pruebas en operativos de represi\u00f3n.&nbsp;<\/p>\n\n\n\n<p>5. Capacite a las fuerzas de seguridad y operadores judiciales en derechos humanos y uso proporcional de la fuerza.&nbsp;<\/p>\n\n\n\n<p>6. Adopte medidas de reparaci\u00f3n simb\u00f3lica y material para las v\u00edctimas y sus familias, incluyendo el sostenimiento de las baldosas conmemorativas y la implementaci\u00f3n de actos p\u00fablicos de memoria.<\/p>\n\n\n\n<p>La represi\u00f3n del 19 y 20 de diciembre de 2001 fue un ataque a la democracia. El derecho a la protesta no puede ser tratado como un problema de seguridad del Estado. La discusi\u00f3n ante la CIDH es actual: desde diciembre de 2023 el gobierno busca restringir el derecho a manifestarse.<\/p>\n\n\n\n<p>Fuente: Cels. Foto portada: Gonzalo Mart\u00ednez<\/p>\n\n\n<div class=\"wp-block-image\">\n<figure class=\"aligncenter size-full is-resized\"><img decoding=\"async\" src=\"https:\/\/agendadelsur.com\/wp-content\/uploads\/2025\/02\/agenda-del-sur-1-3.png\" alt=\"\" class=\"wp-image-55007\" style=\"width:486px;height:auto\"\/><\/figure><\/div>","protected":false},"excerpt":{"rendered":"<p>El Estado argentino retir\u00f3 el reconocimiento de responsabilidad sobre la represi\u00f3n del 2001, luego de haberla aceptado en 2023. Los funcionarios no respondieron a la pregunta sobre qu\u00e9 valoraci\u00f3n hace hoy el Estado sobre lo sucedido en diciembre de 2001. Los hechos del 19 y 20 de diciembre de 2001 fueron una expresi\u00f3n extrema de [&hellip;]<\/p>\n","protected":false},"author":2,"featured_media":55206,"comment_status":"closed","ping_status":"open","sticky":false,"template":"","format":"standard","meta":{"footnotes":""},"categories":[9],"tags":[10614,10613],"_links":{"self":[{"href":"https:\/\/agendadelsur.com\/index.php\/wp-json\/wp\/v2\/posts\/55205"}],"collection":[{"href":"https:\/\/agendadelsur.com\/index.php\/wp-json\/wp\/v2\/posts"}],"about":[{"href":"https:\/\/agendadelsur.com\/index.php\/wp-json\/wp\/v2\/types\/post"}],"author":[{"embeddable":true,"href":"https:\/\/agendadelsur.com\/index.php\/wp-json\/wp\/v2\/users\/2"}],"replies":[{"embeddable":true,"href":"https:\/\/agendadelsur.com\/index.php\/wp-json\/wp\/v2\/comments?post=55205"}],"version-history":[{"count":1,"href":"https:\/\/agendadelsur.com\/index.php\/wp-json\/wp\/v2\/posts\/55205\/revisions"}],"predecessor-version":[{"id":55207,"href":"https:\/\/agendadelsur.com\/index.php\/wp-json\/wp\/v2\/posts\/55205\/revisions\/55207"}],"wp:featuredmedia":[{"embeddable":true,"href":"https:\/\/agendadelsur.com\/index.php\/wp-json\/wp\/v2\/media\/55206"}],"wp:attachment":[{"href":"https:\/\/agendadelsur.com\/index.php\/wp-json\/wp\/v2\/media?parent=55205"}],"wp:term":[{"taxonomy":"category","embeddable":true,"href":"https:\/\/agendadelsur.com\/index.php\/wp-json\/wp\/v2\/categories?post=55205"},{"taxonomy":"post_tag","embeddable":true,"href":"https:\/\/agendadelsur.com\/index.php\/wp-json\/wp\/v2\/tags?post=55205"}],"curies":[{"name":"wp","href":"https:\/\/api.w.org\/{rel}","templated":true}]}}