{"id":56420,"date":"2025-04-15T21:03:01","date_gmt":"2025-04-16T00:03:01","guid":{"rendered":"https:\/\/agendadelsur.com\/?p=56420"},"modified":"2025-04-15T21:03:02","modified_gmt":"2025-04-16T00:03:02","slug":"cada-vez-mas-varones-optan-por-la-vasectomia-en-la-provincia-de-buenos-aires","status":"publish","type":"post","link":"https:\/\/agendadelsur.com\/index.php\/2025\/04\/15\/cada-vez-mas-varones-optan-por-la-vasectomia-en-la-provincia-de-buenos-aires\/","title":{"rendered":"Cada vez m\u00e1s varones optan por la vasectom\u00eda en la Provincia de Buenos Aires"},"content":{"rendered":"\n<h6 class=\"wp-block-heading\">Es un m\u00e9todo anticonceptivo que permite que los varones se involucren en la planificaci\u00f3n familiar. Esta semana se realizaron m\u00e1s de 70 en el marco de una capacitaci\u00f3n a equipos de salud. La anticoncepci\u00f3n tambi\u00e9n es cosa de hombres. Pese a que hist\u00f3ricamente han sido las mujeres las que cargaron con la responsabilidad de adoptar m\u00e9todos para evitar un embarazo, en los \u00faltimos a\u00f1os cada vez m\u00e1s varones deciden hacerse cargo y ser ellos quienes toman medidas de cuidado en cuestiones de salud sexual y no reproductiva.<\/h6>\n\n\n<div class=\"wp-block-image\">\n<figure class=\"aligncenter size-full is-resized\"><img decoding=\"async\" src=\"https:\/\/agendadelsur.com\/wp-content\/uploads\/2025\/04\/VASECTOMIA2.jpg\" alt=\"\" class=\"wp-image-56421\" style=\"width:536px;height:auto\"\/><\/figure><\/div>\n\n\n<p>Por eso, esta semana, m\u00e1s de 70 varones y personas con pene se sumaron a esta iniciativa que promueve el ministerio de Salud de la provincia de Buenos Aires en colaboraci\u00f3n con la organizaci\u00f3n internacional World Vasectomy Day (D\u00eda mundial de la vasectom\u00eda). En concreto, la Provincia y el organismo internacional se unieron para promover una elecci\u00f3n anticonceptiva sin bistur\u00ed que suma a los varones a la responsabilidad de prevenir embarazos no deseados.<\/p>\n\n\n\n<p>En ese marco, por segundo a\u00f1o consecutivo, esta semana se avanz\u00f3 en el proyecto \u201cAnticoncepci\u00f3n masculina: vasectom\u00eda sin bistur\u00ed\u201d en el hospital p\u00fablico provincial \u201cDr. Alberto Balestrini\u201d, de La Matanza, donde se llev\u00f3 a cabo una nueva jornada de salud sexual integral para varones.<\/p>\n\n\n\n<p>Esta semana se llev\u00f3 a cabo el entrenamiento te\u00f3rico y pr\u00e1ctico en la t\u00e9cnica de vasectom\u00eda sin bistur\u00ed para un equipo de salud de ese hospital y de otro establecimiento sanitario bonaerense, el \u201cGobernador Domingo Mercante\u201d, de Jos\u00e9 C. Paz.<\/p>\n\n\n\n<p>Tras la capacitaci\u00f3n los equipos realizaron m\u00e1s de 70 vasectom\u00edas programadas a partir de los grupos de asesor\u00eda en salud sexual y no reproductiva para varones que se realizaron en hospitales bonaerenses durante marzo de este a\u00f1o.<\/p>\n\n\n\n<p>Esta semana se llev\u00f3 a cabo, tambi\u00e9n en el hospital Balestrini, una charla abierta para equipos de salud de la Provincia sobre \u201cSalud Sexual y Masculinidades\u201d, una feria de salud integral para la comunidad con stands informativos, vacunaci\u00f3n y testeos, y se inaugur\u00f3 una unidad sanitaria m\u00f3vil, que se sumar\u00e1 a los operativos de salud sexual y (no) reproductiva.<\/p>\n\n\n\n<p>El ministerio de Salud bonaerense fue elegido por la organizaci\u00f3n mundial para el proyecto de actualizaci\u00f3n y formaci\u00f3n en esta t\u00e9cnica con el objetivo de potenciar esta l\u00ednea de trabajo en todo el territorio de la Provincia. Hasta el momento recibieron la capacitaci\u00f3n equipos de salud de los hospitales \u201cSan Mart\u00edn\u201d de La Plata, \u201cEvita Pueblo\u201d de Berazategui y \u201cMaternidad Estela de Carlotto\u201d de Moreno.<\/p>\n\n\n\n<p>La vasectom\u00eda sin bistur\u00ed es un m\u00e9todo anticonceptivo permanente, seguro y eficaz. Consiste en el bloqueo de los llamados \u201cconductos deferentes\u201d para impedir el paso de los espermatozoides y la posible fecundaci\u00f3n de un \u00f3vulo. Se realiza en personas con pene, no importa cu\u00e1l sea su identidad de g\u00e9nero ni si ya tiene o no hijos\/as.<\/p>\n\n\n\n<p>Los y las especialistas del ministerio de Salud explicaron que es un procedimiento sencillo, de r\u00e1pida recuperaci\u00f3n, que no requiere hospitalizaci\u00f3n y se realiza con anestesia local. No obstante, aclaran que no se trata de un m\u00e9todo que prevenga enfermedades de transmisi\u00f3n sexual como la s\u00edfilis o el VIH. Para la prevenci\u00f3n de esas infecciones el \u00fanico m\u00e9todo recomendable es el uso del preservativo. La vasectom\u00eda, en cambio, es un m\u00e9todo para prevenir el embarazo.<\/p>\n\n\n\n<p>En noviembre de 2024, la Provincia de Buenos Aires fue elegida por la organizaci\u00f3n World Vasectomy Day WVD para implementar el \u201cProyecto de formaci\u00f3n en Vasectom\u00eda sin Bistur\u00ed\u201d, que tiene por objetivo la actualizaci\u00f3n y formaci\u00f3n en esa t\u00e9cnica.<\/p>\n\n\n\n<p>Fuente: Prensa Gobierno de la Provincia de Buenos Aires<\/p>\n\n\n<div class=\"wp-block-image\">\n<figure class=\"aligncenter size-full is-resized\"><img decoding=\"async\" src=\"https:\/\/agendadelsur.com\/wp-content\/uploads\/2025\/04\/aviso-2024-300300-Agenda-del-sur-web_Mesa-de-trabajo-1-1-1.jpg\" alt=\"\" class=\"wp-image-56347\" style=\"width:438px;height:auto\"\/><\/figure><\/div>","protected":false},"excerpt":{"rendered":"<p>Es un m\u00e9todo anticonceptivo que permite que los varones se involucren en la planificaci\u00f3n familiar. Esta semana se realizaron m\u00e1s de 70 en el marco de una capacitaci\u00f3n a equipos de salud. La anticoncepci\u00f3n tambi\u00e9n es cosa de hombres. Pese a que hist\u00f3ricamente han sido las mujeres las que cargaron con la responsabilidad de adoptar [&hellip;]<\/p>\n","protected":false},"author":2,"featured_media":0,"comment_status":"closed","ping_status":"open","sticky":false,"template":"","format":"standard","meta":{"footnotes":""},"categories":[1419],"tags":[15862,15863,15864,15865],"_links":{"self":[{"href":"https:\/\/agendadelsur.com\/index.php\/wp-json\/wp\/v2\/posts\/56420"}],"collection":[{"href":"https:\/\/agendadelsur.com\/index.php\/wp-json\/wp\/v2\/posts"}],"about":[{"href":"https:\/\/agendadelsur.com\/index.php\/wp-json\/wp\/v2\/types\/post"}],"author":[{"embeddable":true,"href":"https:\/\/agendadelsur.com\/index.php\/wp-json\/wp\/v2\/users\/2"}],"replies":[{"embeddable":true,"href":"https:\/\/agendadelsur.com\/index.php\/wp-json\/wp\/v2\/comments?post=56420"}],"version-history":[{"count":1,"href":"https:\/\/agendadelsur.com\/index.php\/wp-json\/wp\/v2\/posts\/56420\/revisions"}],"predecessor-version":[{"id":56423,"href":"https:\/\/agendadelsur.com\/index.php\/wp-json\/wp\/v2\/posts\/56420\/revisions\/56423"}],"wp:attachment":[{"href":"https:\/\/agendadelsur.com\/index.php\/wp-json\/wp\/v2\/media?parent=56420"}],"wp:term":[{"taxonomy":"category","embeddable":true,"href":"https:\/\/agendadelsur.com\/index.php\/wp-json\/wp\/v2\/categories?post=56420"},{"taxonomy":"post_tag","embeddable":true,"href":"https:\/\/agendadelsur.com\/index.php\/wp-json\/wp\/v2\/tags?post=56420"}],"curies":[{"name":"wp","href":"https:\/\/api.w.org\/{rel}","templated":true}]}}