{"id":57371,"date":"2025-05-25T01:12:47","date_gmt":"2025-05-25T04:12:47","guid":{"rendered":"https:\/\/agendadelsur.com\/?p=57371"},"modified":"2025-05-25T01:12:48","modified_gmt":"2025-05-25T04:12:48","slug":"un-25-de-mayo-con-olor-a-colonia-y-resignacion","status":"publish","type":"post","link":"https:\/\/agendadelsur.com\/index.php\/2025\/05\/25\/un-25-de-mayo-con-olor-a-colonia-y-resignacion\/","title":{"rendered":"Un 25 de Mayo con Olor a Colonia y Resignaci\u00f3n"},"content":{"rendered":"\n<h6 class=\"wp-block-heading\">\u00a1\u00a1\u00a1Carajo!!! No permitamos que se apropien de todos nuestros s\u00edmbolos y pertenencias!!!. Qu\u00e9 pensar\u00eda San Mart\u00edn si se enterara que los Granaderos a Caballo, s\u00edmbolo de nuestra Independencia, le otorgaron una distinci\u00f3n a un \u201cvende patria\u201d, cruel y desquiciado como Milei?.<\/h6>\n\n\n<div class=\"wp-block-image\">\n<figure class=\"aligncenter size-full is-resized\"><img loading=\"lazy\" decoding=\"async\" width=\"500\" height=\"281\" src=\"https:\/\/agendadelsur.com\/wp-content\/uploads\/2025\/05\/5ecb96fccba6b_1180_664.jpg\" alt=\"\" class=\"wp-image-57373\" style=\"width:642px;height:auto\" srcset=\"https:\/\/agendadelsur.com\/wp-content\/uploads\/2025\/05\/5ecb96fccba6b_1180_664.jpg 500w, https:\/\/agendadelsur.com\/wp-content\/uploads\/2025\/05\/5ecb96fccba6b_1180_664-300x169.jpg 300w\" sizes=\"(max-width: 500px) 100vw, 500px\" \/><\/figure><\/div>\n\n\n<p>El 25 de Mayo de 1810 fue uno de los primeros pasos en nuestro pa\u00eds para dejar de ser colonia de Espa\u00f1a, aunque no olvidemos la defensa que se hizo desde Buenos Aires, tres a\u00f1os antes, para evitar ser colonia de Inglaterra.<\/p>\n\n\n\n<p>Cuando Espa\u00f1a termina de caer en manos de Napole\u00f3n Bonaparte, a principios de mayo de 1810, los patriotas que ya ven\u00edan reuni\u00e9ndose para lograr la independencia, convocan a un cabildo abierto para exigir la renuncia del Virrey Cisneros.<\/p>\n\n\n\n<p>Entre el 19 y 24 de mayo, en lo que se denomina \u201csemana de mayo\u201d, se debaten y dirimen acaloradamente dos posiciones enfrentadas:&nbsp; la continuidad del r\u00e9gimen colonial con el virrey a la cabeza, o una junta de gobierno criolla que pudiera conducir a la independencia.&nbsp; Y en el medio estaban los \u201cconservadores\u201d, que representaban a una \u201ccasta\u201d comercial y econ\u00f3mica portuaria y de las provincias.<\/p>\n\n\n\n<p>El 24 de mayo, el poder dominante da un golpe mon\u00e1rquico y quiere imponer una Junta presidida por el mismo virrey Cisneros y con mayor\u00eda de espa\u00f1oles, a pesar de que en el cabildo abierto del 22 se hab\u00eda acordado la conformaci\u00f3n de una Junta de Gobierno mayoritariamente criolla y sin el virrey.<\/p>\n\n\n\n<p>Los revolucionarios, que se reun\u00edan en casa de Azcu\u00e9naga, ubicada en Irigoyen y Defensa, estaban al tanto de que Cisneros ten\u00eda infiltrados entre los hombres y mujeres que desde la Plaza ped\u00edan una Junta de Gobierno criolla.&nbsp;<\/p>\n\n\n\n<p>Por eso, la Legi\u00f3n Infernal o \u201clos chisperos\u201d, ese grupo de hombres armados y encabezados por French y Beruti, actuaron presionando para evitar el fraude. Sabemos que no repartieron escarapelas sino cintas blancas para reconocerse, entre otras cosas, y son los que se subieron al balc\u00f3n del Cabildo para obligarlos a abrir las puertas y a recapitular.<\/p>\n\n\n\n<p>Sabemos que ese 25 de Mayo lograron imponerse, pero tambi\u00e9n sabemos que fue una victoria fr\u00e1gil que terminar\u00e1 con la muerte (seguramente asesinato) de Moreno y los destierros de French y de Beruti. Los Saavedra, los Rivadavia, los Alvear, entre otros, fieles representantes del conservadurismo porte\u00f1o desbarataron toda posibilidad de avanzar en la independencia hasta 1816. &nbsp;<\/p>\n\n\n\n<p>Aprendamos de la historia: el Imperio, el poder econ\u00f3mico, los vende patria y las malas personas, son siempre muy parecidos en todas las \u00e9pocas. Unamos fuerzas con un Proyecto que restablezca los principios de la Justicia Social y la Soberan\u00eda.<\/p>\n\n\n\n<p>Patria S\u00ed, Colonia No!!!!!<\/p>\n\n\n\n<p><em>Laila Linares \/ Agenda del Sur<\/em><\/p>\n","protected":false},"excerpt":{"rendered":"<p>\u00a1\u00a1\u00a1Carajo!!! No permitamos que se apropien de todos nuestros s\u00edmbolos y pertenencias!!!. Qu\u00e9 pensar\u00eda San Mart\u00edn si se enterara que los Granaderos a Caballo, s\u00edmbolo de nuestra Independencia, le otorgaron una distinci\u00f3n a un \u201cvende patria\u201d, cruel y desquiciado como Milei?. El 25 de Mayo de 1810 fue uno de los primeros pasos en nuestro [&hellip;]<\/p>\n","protected":false},"author":2,"featured_media":57372,"comment_status":"closed","ping_status":"open","sticky":false,"template":"","format":"standard","meta":{"footnotes":""},"categories":[9],"tags":[16096,16093],"_links":{"self":[{"href":"https:\/\/agendadelsur.com\/index.php\/wp-json\/wp\/v2\/posts\/57371"}],"collection":[{"href":"https:\/\/agendadelsur.com\/index.php\/wp-json\/wp\/v2\/posts"}],"about":[{"href":"https:\/\/agendadelsur.com\/index.php\/wp-json\/wp\/v2\/types\/post"}],"author":[{"embeddable":true,"href":"https:\/\/agendadelsur.com\/index.php\/wp-json\/wp\/v2\/users\/2"}],"replies":[{"embeddable":true,"href":"https:\/\/agendadelsur.com\/index.php\/wp-json\/wp\/v2\/comments?post=57371"}],"version-history":[{"count":1,"href":"https:\/\/agendadelsur.com\/index.php\/wp-json\/wp\/v2\/posts\/57371\/revisions"}],"predecessor-version":[{"id":57374,"href":"https:\/\/agendadelsur.com\/index.php\/wp-json\/wp\/v2\/posts\/57371\/revisions\/57374"}],"wp:featuredmedia":[{"embeddable":true,"href":"https:\/\/agendadelsur.com\/index.php\/wp-json\/wp\/v2\/media\/57372"}],"wp:attachment":[{"href":"https:\/\/agendadelsur.com\/index.php\/wp-json\/wp\/v2\/media?parent=57371"}],"wp:term":[{"taxonomy":"category","embeddable":true,"href":"https:\/\/agendadelsur.com\/index.php\/wp-json\/wp\/v2\/categories?post=57371"},{"taxonomy":"post_tag","embeddable":true,"href":"https:\/\/agendadelsur.com\/index.php\/wp-json\/wp\/v2\/tags?post=57371"}],"curies":[{"name":"wp","href":"https:\/\/api.w.org\/{rel}","templated":true}]}}