{"id":57421,"date":"2025-05-27T20:31:12","date_gmt":"2025-05-27T23:31:12","guid":{"rendered":"https:\/\/agendadelsur.com\/?p=57421"},"modified":"2025-05-27T20:32:25","modified_gmt":"2025-05-27T23:32:25","slug":"el-garrahan-va-al-paro-y-se-moviliza-a-salud","status":"publish","type":"post","link":"https:\/\/agendadelsur.com\/index.php\/2025\/05\/27\/el-garrahan-va-al-paro-y-se-moviliza-a-salud\/","title":{"rendered":"El Garrahan va al paro y se moviliza a Salud"},"content":{"rendered":"\n<h6 class=\"wp-block-heading\">En una gran asamblea -realizada el pasado martes- los trabajadores del Hospital Garrahan resolvieron un &nbsp;paro para este jueves 29 de septiembre, entre las 6 y las 14 horas. En ese marco, habr\u00e1 tambi\u00e9n una movilizaci\u00f3n al ministerio de Salud desde las 10 horas para reclamar una recomposici\u00f3n salarial del 80% en una sola cuota y que nadie gane menos que el costo de la canasta familiar (hoy en $180.000).<\/h6>\n\n\n<div class=\"wp-block-image\">\n<figure class=\"aligncenter size-full is-resized\"><img decoding=\"async\" src=\"https:\/\/agendadelsur.com\/wp-content\/uploads\/2025\/05\/Garrahan-7-428x321-1.webp\" alt=\"\" class=\"wp-image-57422\" style=\"width:480px;height:auto\"\/><\/figure><\/div>\n\n\n<p>Por Alejandro Lipcovich<\/p>\n\n\n\n<p>La asamblea fue originalmente convocada por la Asociaci\u00f3n de Profesionales pero termin\u00f3 conform\u00e1ndose como punto de confluencia entre los distintos sectores que ven\u00edan realizando acciones separadas con reclamos similares. Por eso, tanto la Junta Interna de ATE como Administrativxs Autoconvocadxs fueron convocantes de ella y llevaron propuestas resueltas en asambleas previas.<\/p>\n\n\n\n<p>Tambi\u00e9n fueron de la partida lxs profesionales autoconvocadxs; numerosos sectores de trabajo hicieron asambleas o reuniones para participar, como mantenimiento o esterilizaci\u00f3n. Se constat\u00f3 que existe un gran empuje por abajo para impulsar una lucha com\u00fan. Muchas intervenciones destacaron que la lucha es por todxs y para todxs. Que cualquier conquista debe ser generalizada y no sectorial, y que el Hospital funciona gracias al trabajo engranado y mancomunado de todas las \u00e1reas. Se expresa una fuerte conciencia de que, m\u00e1s all\u00e1 de las divisiones que se quieran fogonear seg\u00fan nivel de calificaci\u00f3n, oficio u profesi\u00f3n, todxs somos trabajadorxs y debemos pelear juntxs contra el ajuste de nuestras condiciones de vida.<\/p>\n\n\n\n<p>Debates<\/p>\n\n\n\n<p>As\u00ed como la necesidad de parar y movilizarse la pr\u00f3xima semana fue una decisi\u00f3n un\u00e1nime, existieron debates sobre la extensi\u00f3n y continuidad de la lucha. Por un lado, muchos sectores, incluida la Junta Interna, sostuvimos la necesidad de que el paro se extendiera por 24 horas (la propuesta inicial era de 6). No es solo un problema de cantidad, sino especialmente de inclusi\u00f3n del resto de los turnos en la lucha -tarde, noche y franquero-. Si bien la votaci\u00f3n mayoritaria extendi\u00f3 un poco el margen, pues ser\u00e1n 8 horas desde un horario que habilita la participaci\u00f3n de otras tareas que se realizan por la ma\u00f1ana, queda el desaf\u00edo de construir un plan de lucha creciente que incluya al conjunto del Hospital. Por eso, es adecuado que la Junta promueva la realizaci\u00f3n de asambleas por turno en los pr\u00f3ximos d\u00edas.<\/p>\n\n\n\n<p>Por otro lado, tambi\u00e9n se plante\u00f3 un debate respecto de la forma de continuar. La Junta Interna y muchos compa\u00f1eros y compa\u00f1eras autoconvocadxs planteamos que era necesario fijar la fecha de una nueva asamblea general, sin distinci\u00f3n de afiliaci\u00f3n o sector, y convocada por todas las expresiones de lucha presentes. Lamentablemente, no ser\u00e1 posible resolver el enorme atraso salarial en una sola jornada de paro y movilizaci\u00f3n; frente al terrible ajuste que estamos sufriendo, habr\u00e1 que organizar un plan de lucha.<\/p>\n\n\n\n<p>En la asamblea se constat\u00f3 que nada reagrupa m\u00e1s personas del hospital que las instancias convocadas por todos los sectores en lucha -la divisi\u00f3n nos achica-. Que se resuelva democr\u00e1ticamente c\u00f3mo continuar es dar un paso m\u00e1s. Sin embargo, la Asociaci\u00f3n plante\u00f3 \u201cdejar abierta\u201d la fecha de una eventual convocatoria com\u00fan, lo cual podr\u00eda implicar dilatar indefinidamente un proceso que ser\u00e1 mucho m\u00e1s provechoso si lo impulsamos en com\u00fan. Seguiremos planteando ese debate y ese desaf\u00edo.<\/p>\n\n\n\n<p>Con todo al paro y la movilizaci\u00f3n<\/p>\n\n\n\n<p>La lucha del Garrahan adopta un rumbo creciente y extendido. Nos jugaremos con todo por un gran paro y movilizaci\u00f3n el pr\u00f3ximo jueves, que obliga a las autoridades del Hospital y el gobierno a responder: el ajuste en salud no se aguanta m\u00e1s. Por eso tambi\u00e9n paran residentes de CABA -con quienes se plante\u00f3 confluir- y crece la bronca en los hospitales.<\/p>\n\n\n\n<p>Arriba la lucha del Garrahan, abajo el ajuste. Unidad de las y los trabajadores.<\/p>\n\n\n\n<p>Fuente: Prensa Obrera<\/p>\n","protected":false},"excerpt":{"rendered":"<p>En una gran asamblea -realizada el pasado martes- los trabajadores del Hospital Garrahan resolvieron un &nbsp;paro para este jueves 29 de septiembre, entre las 6 y las 14 horas. En ese marco, habr\u00e1 tambi\u00e9n una movilizaci\u00f3n al ministerio de Salud desde las 10 horas para reclamar una recomposici\u00f3n salarial del 80% en una sola cuota [&hellip;]<\/p>\n","protected":false},"author":2,"featured_media":57424,"comment_status":"closed","ping_status":"open","sticky":false,"template":"","format":"standard","meta":{"footnotes":""},"categories":[926,9],"tags":[16109,16110,16111],"_links":{"self":[{"href":"https:\/\/agendadelsur.com\/index.php\/wp-json\/wp\/v2\/posts\/57421"}],"collection":[{"href":"https:\/\/agendadelsur.com\/index.php\/wp-json\/wp\/v2\/posts"}],"about":[{"href":"https:\/\/agendadelsur.com\/index.php\/wp-json\/wp\/v2\/types\/post"}],"author":[{"embeddable":true,"href":"https:\/\/agendadelsur.com\/index.php\/wp-json\/wp\/v2\/users\/2"}],"replies":[{"embeddable":true,"href":"https:\/\/agendadelsur.com\/index.php\/wp-json\/wp\/v2\/comments?post=57421"}],"version-history":[{"count":1,"href":"https:\/\/agendadelsur.com\/index.php\/wp-json\/wp\/v2\/posts\/57421\/revisions"}],"predecessor-version":[{"id":57423,"href":"https:\/\/agendadelsur.com\/index.php\/wp-json\/wp\/v2\/posts\/57421\/revisions\/57423"}],"wp:featuredmedia":[{"embeddable":true,"href":"https:\/\/agendadelsur.com\/index.php\/wp-json\/wp\/v2\/media\/57424"}],"wp:attachment":[{"href":"https:\/\/agendadelsur.com\/index.php\/wp-json\/wp\/v2\/media?parent=57421"}],"wp:term":[{"taxonomy":"category","embeddable":true,"href":"https:\/\/agendadelsur.com\/index.php\/wp-json\/wp\/v2\/categories?post=57421"},{"taxonomy":"post_tag","embeddable":true,"href":"https:\/\/agendadelsur.com\/index.php\/wp-json\/wp\/v2\/tags?post=57421"}],"curies":[{"name":"wp","href":"https:\/\/api.w.org\/{rel}","templated":true}]}}