{"id":57569,"date":"2025-06-01T19:49:39","date_gmt":"2025-06-01T22:49:39","guid":{"rendered":"https:\/\/agendadelsur.com\/?p=57569"},"modified":"2025-06-01T19:49:39","modified_gmt":"2025-06-01T22:49:39","slug":"nuevos-aumentos-en-junio-el-gobierno-de-milei-dispuso-subas-en-las-tarifas-de-luz-agua-gas-combustibles-y-colectivos","status":"publish","type":"post","link":"https:\/\/agendadelsur.com\/index.php\/2025\/06\/01\/nuevos-aumentos-en-junio-el-gobierno-de-milei-dispuso-subas-en-las-tarifas-de-luz-agua-gas-combustibles-y-colectivos\/","title":{"rendered":"Nuevos aumentos en Junio. El Gobierno de Milei dispuso subas en las tarifas de luz, agua, gas, combustibles y colectivos."},"content":{"rendered":"\n<h6 class=\"wp-block-heading\">El Gobierno defini\u00f3 que a partir de junio las tarifas de luz y de gas natural tendr\u00e1n un aumento promedio en torno al 2,6%, y ser\u00e1n oficializados la semana que viene. Tambi\u00e9n se aplicar\u00e1 una suba del 1% en los impuestos a los combustibles que se trasladan directamente al precio de la nafta y el gasoil en los surtidores, por lo que se mantuvo el diferimiento parcial de la actualizaci\u00f3n vinculada al \u00cdndice de Precios al Consumidor (IPC) del Indec.<\/h6>\n\n\n<div class=\"wp-block-image\">\n<figure class=\"aligncenter size-full is-resized\"><img decoding=\"async\" src=\"https:\/\/agendadelsur.com\/wp-content\/uploads\/2025\/06\/Sin-titulo-1.jpg\" alt=\"\" class=\"wp-image-57570\" style=\"width:550px;height:auto\"\/><\/figure><\/div>\n\n\n<p>El mes que viene tambi\u00e9n llegar\u00e1n incrementos del 1% en el servicio de agua que presta AySA en el \u00c1rea Metropolitana de Buenos Aires (AMBA) y del 7% en las l\u00edneas de colectivos nacionales que circulan por esa jurisdicci\u00f3n.<\/p>\n\n\n\n<p>En el caso de las facturas de luz de AMBA, de Edesur y Edenor, el Ente Nacional Regulador de la Electricidad (ENRE) oficializar\u00e1 un alza en torno al 2,6% en las boletas finales a trav\u00e9s de nuevos cuadros tarifarios. En el caso Ente Nacional Regulador del Gas (Enargas) ser\u00e1 de hasta 2,8% dependiendo de la zona en el pa\u00eds en la que se encuentre la distribuidora en cuesti\u00f3n.<\/p>\n\n\n\n<p>Fuente: Pol\u00edtica Argentina<\/p>\n\n\n<div class=\"wp-block-image\">\n<figure class=\"aligncenter size-full is-resized\"><img decoding=\"async\" src=\"https:\/\/agendadelsur.com\/wp-content\/uploads\/2025\/06\/TOTAL-2.jpg\" alt=\"\" class=\"wp-image-57571\" style=\"width:484px;height:auto\"\/><\/figure><\/div>","protected":false},"excerpt":{"rendered":"<p>El Gobierno defini\u00f3 que a partir de junio las tarifas de luz y de gas natural tendr\u00e1n un aumento promedio en torno al 2,6%, y ser\u00e1n oficializados la semana que viene. Tambi\u00e9n se aplicar\u00e1 una suba del 1% en los impuestos a los combustibles que se trasladan directamente al precio de la nafta y el [&hellip;]<\/p>\n","protected":false},"author":2,"featured_media":0,"comment_status":"closed","ping_status":"open","sticky":false,"template":"","format":"standard","meta":{"footnotes":""},"categories":[9],"tags":[16159,16156,16155,16158,16157,16154],"_links":{"self":[{"href":"https:\/\/agendadelsur.com\/index.php\/wp-json\/wp\/v2\/posts\/57569"}],"collection":[{"href":"https:\/\/agendadelsur.com\/index.php\/wp-json\/wp\/v2\/posts"}],"about":[{"href":"https:\/\/agendadelsur.com\/index.php\/wp-json\/wp\/v2\/types\/post"}],"author":[{"embeddable":true,"href":"https:\/\/agendadelsur.com\/index.php\/wp-json\/wp\/v2\/users\/2"}],"replies":[{"embeddable":true,"href":"https:\/\/agendadelsur.com\/index.php\/wp-json\/wp\/v2\/comments?post=57569"}],"version-history":[{"count":1,"href":"https:\/\/agendadelsur.com\/index.php\/wp-json\/wp\/v2\/posts\/57569\/revisions"}],"predecessor-version":[{"id":57572,"href":"https:\/\/agendadelsur.com\/index.php\/wp-json\/wp\/v2\/posts\/57569\/revisions\/57572"}],"wp:attachment":[{"href":"https:\/\/agendadelsur.com\/index.php\/wp-json\/wp\/v2\/media?parent=57569"}],"wp:term":[{"taxonomy":"category","embeddable":true,"href":"https:\/\/agendadelsur.com\/index.php\/wp-json\/wp\/v2\/categories?post=57569"},{"taxonomy":"post_tag","embeddable":true,"href":"https:\/\/agendadelsur.com\/index.php\/wp-json\/wp\/v2\/tags?post=57569"}],"curies":[{"name":"wp","href":"https:\/\/api.w.org\/{rel}","templated":true}]}}