{"id":57573,"date":"2025-06-01T20:20:07","date_gmt":"2025-06-01T23:20:07","guid":{"rendered":"https:\/\/agendadelsur.com\/?p=57573"},"modified":"2025-06-01T20:20:08","modified_gmt":"2025-06-01T23:20:08","slug":"nueva-muestra-del-trastorno-psiquico-de-milei-ataco-a-un-nino-de-12-anos-con-autismo","status":"publish","type":"post","link":"https:\/\/agendadelsur.com\/index.php\/2025\/06\/01\/nueva-muestra-del-trastorno-psiquico-de-milei-ataco-a-un-nino-de-12-anos-con-autismo\/","title":{"rendered":"Nueva muestra del trastorno ps\u00edquico de Milei. Atac\u00f3 a un ni\u00f1o de 12 a\u00f1os con autismo."},"content":{"rendered":"\n<h6 class=\"wp-block-heading\">El presidente Javier Milei reposte\u00f3 un mensaje ofensivo tras la participaci\u00f3n de Ian Moche en el programa de Paulino Rodrigues en LN+. Milei tild\u00f3 de kirchnerista a la familia del nene de 12 a\u00f1os con autismo. La cuenta hombregrisxd public\u00f3 fotos del nene con el periodista Paulino, Cristina Kirchner y Sergio Massa.<\/h6>\n\n\n<div class=\"wp-block-image\">\n<figure class=\"aligncenter size-full\"><img loading=\"lazy\" decoding=\"async\" width=\"500\" height=\"310\" src=\"https:\/\/agendadelsur.com\/wp-content\/uploads\/2025\/06\/100-milei.jpg\" alt=\"\" class=\"wp-image-57575\" srcset=\"https:\/\/agendadelsur.com\/wp-content\/uploads\/2025\/06\/100-milei.jpg 500w, https:\/\/agendadelsur.com\/wp-content\/uploads\/2025\/06\/100-milei-300x186.jpg 300w\" sizes=\"(max-width: 500px) 100vw, 500px\" \/><figcaption class=\"wp-element-caption\"><em>Foto: www.infoplatense.com<\/em><\/figcaption><\/figure><\/div>\n\n\n<p>\u201cPautino llev\u00f3 a un nene con autismo para que opere contra Milei. Resulta que el nene, Ian Moche viene de una familia ultra kirchnerista y ya lo hab\u00edan utilizado con Massa y Cristina Kirchner\u201d, sostiene la publicaci\u00f3n.<\/p>\n\n\n\n<p>El mismo mandatario a\u00f1adi\u00f3 en el mensaje: &#8220;Pautino siempre del lado del mal. No falla nunca al momento de operar en contra del gobierno. Siempre del lado de los kukas&#8230; no falla&#8230;&#8221;<\/p>\n","protected":false},"excerpt":{"rendered":"<p>El presidente Javier Milei reposte\u00f3 un mensaje ofensivo tras la participaci\u00f3n de Ian Moche en el programa de Paulino Rodrigues en LN+. Milei tild\u00f3 de kirchnerista a la familia del nene de 12 a\u00f1os con autismo. La cuenta hombregrisxd public\u00f3 fotos del nene con el periodista Paulino, Cristina Kirchner y Sergio Massa. \u201cPautino llev\u00f3 a [&hellip;]<\/p>\n","protected":false},"author":2,"featured_media":57574,"comment_status":"closed","ping_status":"open","sticky":false,"template":"","format":"standard","meta":{"footnotes":""},"categories":[9],"tags":[16161,16160],"_links":{"self":[{"href":"https:\/\/agendadelsur.com\/index.php\/wp-json\/wp\/v2\/posts\/57573"}],"collection":[{"href":"https:\/\/agendadelsur.com\/index.php\/wp-json\/wp\/v2\/posts"}],"about":[{"href":"https:\/\/agendadelsur.com\/index.php\/wp-json\/wp\/v2\/types\/post"}],"author":[{"embeddable":true,"href":"https:\/\/agendadelsur.com\/index.php\/wp-json\/wp\/v2\/users\/2"}],"replies":[{"embeddable":true,"href":"https:\/\/agendadelsur.com\/index.php\/wp-json\/wp\/v2\/comments?post=57573"}],"version-history":[{"count":1,"href":"https:\/\/agendadelsur.com\/index.php\/wp-json\/wp\/v2\/posts\/57573\/revisions"}],"predecessor-version":[{"id":57576,"href":"https:\/\/agendadelsur.com\/index.php\/wp-json\/wp\/v2\/posts\/57573\/revisions\/57576"}],"wp:featuredmedia":[{"embeddable":true,"href":"https:\/\/agendadelsur.com\/index.php\/wp-json\/wp\/v2\/media\/57574"}],"wp:attachment":[{"href":"https:\/\/agendadelsur.com\/index.php\/wp-json\/wp\/v2\/media?parent=57573"}],"wp:term":[{"taxonomy":"category","embeddable":true,"href":"https:\/\/agendadelsur.com\/index.php\/wp-json\/wp\/v2\/categories?post=57573"},{"taxonomy":"post_tag","embeddable":true,"href":"https:\/\/agendadelsur.com\/index.php\/wp-json\/wp\/v2\/tags?post=57573"}],"curies":[{"name":"wp","href":"https:\/\/api.w.org\/{rel}","templated":true}]}}