{"id":57675,"date":"2025-06-05T20:09:06","date_gmt":"2025-06-05T23:09:06","guid":{"rendered":"https:\/\/agendadelsur.com\/?p=57675"},"modified":"2025-06-05T20:09:56","modified_gmt":"2025-06-05T23:09:56","slug":"el-patrimonio-de-avellaneda-sigue-creciendo","status":"publish","type":"post","link":"https:\/\/agendadelsur.com\/index.php\/2025\/06\/05\/el-patrimonio-de-avellaneda-sigue-creciendo\/","title":{"rendered":"El patrimonio de Avellaneda sigue creciendo"},"content":{"rendered":"\n<h6 class=\"wp-block-heading\">A trav\u00e9s de la Provincia de Buenos Aires y por intermedio de Provincia Leasing, con un financiamiento de $841.471.085, se recibieron 9 camiones chasis con cabina Volkswagen y 9 cajas volcadoras Lexxor para el distrito.<\/h6>\n\n\n<div class=\"wp-block-image\">\n<figure class=\"aligncenter size-full is-resized\"><img loading=\"lazy\" decoding=\"async\" width=\"500\" height=\"333\" src=\"https:\/\/agendadelsur.com\/wp-content\/uploads\/2025\/06\/7.jpg\" alt=\"\" class=\"wp-image-57677\" style=\"width:552px;height:auto\" srcset=\"https:\/\/agendadelsur.com\/wp-content\/uploads\/2025\/06\/7.jpg 500w, https:\/\/agendadelsur.com\/wp-content\/uploads\/2025\/06\/7-300x200.jpg 300w\" sizes=\"(max-width: 500px) 100vw, 500px\" \/><\/figure><\/div>\n\n\n<p>Tambi\u00e9n se firm\u00f3 un convenio con Provincia Microcr\u00e9ditos y el Banco Provincia para que otorguen microcr\u00e9ditos a trabajadores independientes, emprendedores, comerciantes y personas o grupos asociativos que desarrollen actividades de tipo productivo, comercial o de servicios en Avellaneda. La financiaci\u00f3n ser\u00e1 de $150.000.000.<\/p>\n\n\n\n<p>Cuando hay una gesti\u00f3n como de Axel Kicillof, hay un Estado eficaz que da soluciones a su comunidad. Hay otro camino y va derecho al futuro.<\/p>\n\n\n<div class=\"wp-block-image\">\n<figure class=\"aligncenter size-full is-resized\"><img decoding=\"async\" src=\"https:\/\/agendadelsur.com\/wp-content\/uploads\/2025\/06\/TOTAL-2.jpg\" alt=\"\" class=\"wp-image-57571\" style=\"width:494px;height:auto\"\/><\/figure><\/div>","protected":false},"excerpt":{"rendered":"<p>A trav\u00e9s de la Provincia de Buenos Aires y por intermedio de Provincia Leasing, con un financiamiento de $841.471.085, se recibieron 9 camiones chasis con cabina Volkswagen y 9 cajas volcadoras Lexxor para el distrito. Tambi\u00e9n se firm\u00f3 un convenio con Provincia Microcr\u00e9ditos y el Banco Provincia para que otorguen microcr\u00e9ditos a trabajadores independientes, emprendedores, [&hellip;]<\/p>\n","protected":false},"author":2,"featured_media":57676,"comment_status":"closed","ping_status":"open","sticky":false,"template":"","format":"standard","meta":{"footnotes":""},"categories":[4],"tags":[16195],"_links":{"self":[{"href":"https:\/\/agendadelsur.com\/index.php\/wp-json\/wp\/v2\/posts\/57675"}],"collection":[{"href":"https:\/\/agendadelsur.com\/index.php\/wp-json\/wp\/v2\/posts"}],"about":[{"href":"https:\/\/agendadelsur.com\/index.php\/wp-json\/wp\/v2\/types\/post"}],"author":[{"embeddable":true,"href":"https:\/\/agendadelsur.com\/index.php\/wp-json\/wp\/v2\/users\/2"}],"replies":[{"embeddable":true,"href":"https:\/\/agendadelsur.com\/index.php\/wp-json\/wp\/v2\/comments?post=57675"}],"version-history":[{"count":1,"href":"https:\/\/agendadelsur.com\/index.php\/wp-json\/wp\/v2\/posts\/57675\/revisions"}],"predecessor-version":[{"id":57678,"href":"https:\/\/agendadelsur.com\/index.php\/wp-json\/wp\/v2\/posts\/57675\/revisions\/57678"}],"wp:featuredmedia":[{"embeddable":true,"href":"https:\/\/agendadelsur.com\/index.php\/wp-json\/wp\/v2\/media\/57676"}],"wp:attachment":[{"href":"https:\/\/agendadelsur.com\/index.php\/wp-json\/wp\/v2\/media?parent=57675"}],"wp:term":[{"taxonomy":"category","embeddable":true,"href":"https:\/\/agendadelsur.com\/index.php\/wp-json\/wp\/v2\/categories?post=57675"},{"taxonomy":"post_tag","embeddable":true,"href":"https:\/\/agendadelsur.com\/index.php\/wp-json\/wp\/v2\/tags?post=57675"}],"curies":[{"name":"wp","href":"https:\/\/api.w.org\/{rel}","templated":true}]}}