{"id":57693,"date":"2025-06-07T00:09:27","date_gmt":"2025-06-07T03:09:27","guid":{"rendered":"https:\/\/agendadelsur.com\/?p=57693"},"modified":"2025-06-07T00:09:28","modified_gmt":"2025-06-07T03:09:28","slug":"entrega-de-viviendas-del-predio-arganaraz-i","status":"publish","type":"post","link":"https:\/\/agendadelsur.com\/index.php\/2025\/06\/07\/entrega-de-viviendas-del-predio-arganaraz-i\/","title":{"rendered":"Entrega de viviendas del Predio Arga\u00f1araz I"},"content":{"rendered":"\n<h6 class=\"wp-block-heading\">Esta obra fue desfinanciada por el gobierno nacional, pero el Municipio de Avellaneda tom\u00f3 la decisi\u00f3n pol\u00edtica de terminarla con fondos propios. El Intendente Jorge Ferraresi con Silvina Batakis y Magdalena Sierra adjudicaron las 12 unidades habitacionales a familias de Avellaneda.<\/h6>\n\n\n<div class=\"wp-block-image\">\n<figure class=\"aligncenter size-full\"><img loading=\"lazy\" decoding=\"async\" width=\"500\" height=\"332\" src=\"https:\/\/agendadelsur.com\/wp-content\/uploads\/2025\/06\/504487019_1254779376008128_3054770182361389484_n.jpg\" alt=\"\" class=\"wp-image-57695\" srcset=\"https:\/\/agendadelsur.com\/wp-content\/uploads\/2025\/06\/504487019_1254779376008128_3054770182361389484_n.jpg 500w, https:\/\/agendadelsur.com\/wp-content\/uploads\/2025\/06\/504487019_1254779376008128_3054770182361389484_n-300x199.jpg 300w\" sizes=\"(max-width: 500px) 100vw, 500px\" \/><\/figure><\/div>\n\n<div class=\"wp-block-image\">\n<figure class=\"aligncenter size-full\"><img loading=\"lazy\" decoding=\"async\" width=\"500\" height=\"332\" src=\"https:\/\/agendadelsur.com\/wp-content\/uploads\/2025\/06\/505086120_1254779512674781_3796734004160314497_n.jpg\" alt=\"\" class=\"wp-image-57696\" srcset=\"https:\/\/agendadelsur.com\/wp-content\/uploads\/2025\/06\/505086120_1254779512674781_3796734004160314497_n.jpg 500w, https:\/\/agendadelsur.com\/wp-content\/uploads\/2025\/06\/505086120_1254779512674781_3796734004160314497_n-300x199.jpg 300w\" sizes=\"(max-width: 500px) 100vw, 500px\" \/><\/figure><\/div>\n\n\n<p>Adem\u00e1s, se firm\u00f3 un convenio con el Instituto de la Vivienda de la Provincia de Buenos Aires para la construcci\u00f3n de 10 viviendas en Dock Sud con un presupuesto de $1.052.615.361.<\/p>\n\n\n\n<p>Para el Gobierno de la Provincia de Buenos Aires y la Municipalidad de Avellaneda el acceso a la casa propia es una realidad porque es la garant\u00eda de un futuro mejor.<\/p>\n\n\n<div class=\"wp-block-image\">\n<figure class=\"aligncenter size-full is-resized\"><img decoding=\"async\" src=\"https:\/\/agendadelsur.com\/wp-content\/uploads\/2025\/06\/TOTAL-2.jpg\" alt=\"\" class=\"wp-image-57571\" style=\"width:458px;height:auto\"\/><\/figure><\/div>","protected":false},"excerpt":{"rendered":"<p>Esta obra fue desfinanciada por el gobierno nacional, pero el Municipio de Avellaneda tom\u00f3 la decisi\u00f3n pol\u00edtica de terminarla con fondos propios. El Intendente Jorge Ferraresi con Silvina Batakis y Magdalena Sierra adjudicaron las 12 unidades habitacionales a familias de Avellaneda. Adem\u00e1s, se firm\u00f3 un convenio con el Instituto de la Vivienda de la Provincia [&hellip;]<\/p>\n","protected":false},"author":2,"featured_media":57694,"comment_status":"closed","ping_status":"open","sticky":false,"template":"","format":"standard","meta":{"footnotes":""},"categories":[4],"tags":[16202,16201],"_links":{"self":[{"href":"https:\/\/agendadelsur.com\/index.php\/wp-json\/wp\/v2\/posts\/57693"}],"collection":[{"href":"https:\/\/agendadelsur.com\/index.php\/wp-json\/wp\/v2\/posts"}],"about":[{"href":"https:\/\/agendadelsur.com\/index.php\/wp-json\/wp\/v2\/types\/post"}],"author":[{"embeddable":true,"href":"https:\/\/agendadelsur.com\/index.php\/wp-json\/wp\/v2\/users\/2"}],"replies":[{"embeddable":true,"href":"https:\/\/agendadelsur.com\/index.php\/wp-json\/wp\/v2\/comments?post=57693"}],"version-history":[{"count":1,"href":"https:\/\/agendadelsur.com\/index.php\/wp-json\/wp\/v2\/posts\/57693\/revisions"}],"predecessor-version":[{"id":57697,"href":"https:\/\/agendadelsur.com\/index.php\/wp-json\/wp\/v2\/posts\/57693\/revisions\/57697"}],"wp:featuredmedia":[{"embeddable":true,"href":"https:\/\/agendadelsur.com\/index.php\/wp-json\/wp\/v2\/media\/57694"}],"wp:attachment":[{"href":"https:\/\/agendadelsur.com\/index.php\/wp-json\/wp\/v2\/media?parent=57693"}],"wp:term":[{"taxonomy":"category","embeddable":true,"href":"https:\/\/agendadelsur.com\/index.php\/wp-json\/wp\/v2\/categories?post=57693"},{"taxonomy":"post_tag","embeddable":true,"href":"https:\/\/agendadelsur.com\/index.php\/wp-json\/wp\/v2\/tags?post=57693"}],"curies":[{"name":"wp","href":"https:\/\/api.w.org\/{rel}","templated":true}]}}