{"id":57707,"date":"2025-06-07T21:08:52","date_gmt":"2025-06-08T00:08:52","guid":{"rendered":"https:\/\/agendadelsur.com\/?p=57707"},"modified":"2025-06-07T21:08:53","modified_gmt":"2025-06-08T00:08:53","slug":"detencion-de-juan-grabois-una-muestra-mas-de-la-persecucion-del-gobierno-de-milei","status":"publish","type":"post","link":"https:\/\/agendadelsur.com\/index.php\/2025\/06\/07\/detencion-de-juan-grabois-una-muestra-mas-de-la-persecucion-del-gobierno-de-milei\/","title":{"rendered":"Detenci\u00f3n de Juan Grabois. Una muestra m\u00e1s de la persecuci\u00f3n del Gobierno de Milei."},"content":{"rendered":"\n<h6 class=\"wp-block-heading\">El dirigente social Juan Grabois en la tarde de este s\u00e1bado, luego que ocupara junto a militantes el edificio del Instituto Nacional Juan Domingo Per\u00f3n que fue disuelto recientemente por el Gobierno. &nbsp;Desde el entorno de Grabois calificaron la ocupaci\u00f3n como \u201cpac\u00edfica\u201d y afirmaron que no exist\u00eda una orden judicial de desalojo. Militantes se movilizaron a la comisar\u00eda donde fue trasladado el referente de Patria Grande para exigir su liberaci\u00f3n y la de los detenidos. La Asociaci\u00f3n Trabajadores del Estado (ATE) repudi\u00f3 el operativo de las fuerzas de seguridad y exigi\u00f3 la liberaci\u00f3n del dirigente. As\u00ed mismo el Partido Justicialista denunci\u00f3 una \u201cpersecuci\u00f3n ideol\u00f3gica\u201d por parte del Gobierno y hacerse &nbsp;responsable del resguardo del patrimonio cultural e hist\u00f3rico vinculado al expresidente Juan Domingo Per\u00f3n<\/h6>\n\n\n\n<figure class=\"wp-block-video\"><video controls src=\"https:\/\/agendadelsur.com\/wp-content\/uploads\/2025\/06\/Z4lt32hbfHsK6uql.mp4\"><\/video><\/figure>\n\n\n\n<p>A trav\u00e9s de redes sociales, Grabois justific\u00f3 la acci\u00f3n como un acto simb\u00f3lico para &#8220;recuperar la historia&#8221; frente al cierre del Instituto. En su mensaje denunci\u00f3 la destrucci\u00f3n reciente de estatuas y reivindic\u00f3 la figura de Per\u00f3n y Evita. \u201cLibres o muertos, jam\u00e1s esclavos\u201d, escribi\u00f3 en su publicaci\u00f3n.<\/p>\n\n\n<div class=\"wp-block-image\">\n<figure class=\"aligncenter size-full is-resized\"><img loading=\"lazy\" decoding=\"async\" width=\"526\" height=\"935\" src=\"https:\/\/agendadelsur.com\/wp-content\/uploads\/2025\/06\/505101424_1039067828407606_2415355701804397309_n.jpg\" alt=\"\" class=\"wp-image-57708\" style=\"width:411px;height:auto\" srcset=\"https:\/\/agendadelsur.com\/wp-content\/uploads\/2025\/06\/505101424_1039067828407606_2415355701804397309_n.jpg 526w, https:\/\/agendadelsur.com\/wp-content\/uploads\/2025\/06\/505101424_1039067828407606_2415355701804397309_n-169x300.jpg 169w\" sizes=\"(max-width: 526px) 100vw, 526px\" \/><figcaption class=\"wp-element-caption\"><em>Juan Grabois dentro del patrullero: &#8220;La Bandera&#8221; no me la sacan exprtes\u00f3 el dirigente,<\/em><\/figcaption><\/figure><\/div>\n\n\n<p>El Comunicado de ATE<\/p>\n\n\n\n<p>Tras la detenci\u00f3n del militante social Juan Grabois en las instalaciones del Instituto Juan Domingo Per\u00f3n, la Asociaci\u00f3n Trabajadores del Estado (ATE) repudi\u00f3 el operativo de las fuerzas de seguridad y exigi\u00f3 la liberaci\u00f3n del dirigente y el inmediato retiro de la Polic\u00eda Federal.<\/p>\n\n\n\n<p>\u201cDesde ATE repudiamos la detenci\u00f3n ilegal de Juan Grabois y exigimos su inmediata liberaci\u00f3n y el retiro de todas las fuerzas de seguridad del Instituto Juan Per\u00f3n\u201d, expres\u00f3 Rodolfo Aguiar, Secretario General de ATE Nacional.<\/p>\n\n\n\n<p>\u201cLa \u00fanica respuesta del gobierno a las justas demandas de los trabajadores es la represi\u00f3n. No podemos naturalizar que se institucionalice la violencia en la Argentina. La democracia est\u00e1 en riesgo y el Estado de Derecho se debilita\u201d, agreg\u00f3 el dirigente estatal.<\/p>\n\n\n\n<p>\u201cTenemos que reaccionar. Declaramos el Estado de Asamblea Permanente y Movilizaci\u00f3n en toda la administraci\u00f3n p\u00fablica del pa\u00eds y no descartamos definir medidas de acci\u00f3n directas en las pr\u00f3ximas horas. El Instituto es patrimonio nacional, es clave y estrat\u00e9gico para pensar la cultura como una necesidad del pueblo. Defendamos nuestro patrimonio, defendamos nuestra historia\u201d, concluy\u00f3 el Secretario General de ATE Nacional.<\/p>\n\n\n\n<p>El edificio donde funciona el Instituto es el \u00fanico que queda en pie de la antigua residencia presidencial, por lo cual ha sido declarado \u00abmonumento hist\u00f3rico nacional\u00bb por la Ley 26.367 sancionada el 9 de abril de 2008.<\/p>\n\n\n\n<p>Pese a esto, el Gobierno Nacional orden\u00f3 su cierre y desalojo. ATE definir\u00e1 el plan de acci\u00f3n en las pr\u00f3ximas horas para evitar su disoluci\u00f3n.<\/p>\n\n\n\n<p>Ate<\/p>\n\n\n\n<p>Foto portada: @GraboisFC<\/p>\n","protected":false},"excerpt":{"rendered":"<p>El dirigente social Juan Grabois en la tarde de este s\u00e1bado, luego que ocupara junto a militantes el edificio del Instituto Nacional Juan Domingo Per\u00f3n que fue disuelto recientemente por el Gobierno. &nbsp;Desde el entorno de Grabois calificaron la ocupaci\u00f3n como \u201cpac\u00edfica\u201d y afirmaron que no exist\u00eda una orden judicial de desalojo. Militantes se movilizaron [&hellip;]<\/p>\n","protected":false},"author":2,"featured_media":57710,"comment_status":"closed","ping_status":"open","sticky":false,"template":"","format":"standard","meta":{"footnotes":""},"categories":[926,9],"tags":[],"_links":{"self":[{"href":"https:\/\/agendadelsur.com\/index.php\/wp-json\/wp\/v2\/posts\/57707"}],"collection":[{"href":"https:\/\/agendadelsur.com\/index.php\/wp-json\/wp\/v2\/posts"}],"about":[{"href":"https:\/\/agendadelsur.com\/index.php\/wp-json\/wp\/v2\/types\/post"}],"author":[{"embeddable":true,"href":"https:\/\/agendadelsur.com\/index.php\/wp-json\/wp\/v2\/users\/2"}],"replies":[{"embeddable":true,"href":"https:\/\/agendadelsur.com\/index.php\/wp-json\/wp\/v2\/comments?post=57707"}],"version-history":[{"count":1,"href":"https:\/\/agendadelsur.com\/index.php\/wp-json\/wp\/v2\/posts\/57707\/revisions"}],"predecessor-version":[{"id":57711,"href":"https:\/\/agendadelsur.com\/index.php\/wp-json\/wp\/v2\/posts\/57707\/revisions\/57711"}],"wp:featuredmedia":[{"embeddable":true,"href":"https:\/\/agendadelsur.com\/index.php\/wp-json\/wp\/v2\/media\/57710"}],"wp:attachment":[{"href":"https:\/\/agendadelsur.com\/index.php\/wp-json\/wp\/v2\/media?parent=57707"}],"wp:term":[{"taxonomy":"category","embeddable":true,"href":"https:\/\/agendadelsur.com\/index.php\/wp-json\/wp\/v2\/categories?post=57707"},{"taxonomy":"post_tag","embeddable":true,"href":"https:\/\/agendadelsur.com\/index.php\/wp-json\/wp\/v2\/tags?post=57707"}],"curies":[{"name":"wp","href":"https:\/\/api.w.org\/{rel}","templated":true}]}}