{"id":57746,"date":"2025-06-09T20:36:38","date_gmt":"2025-06-09T23:36:38","guid":{"rendered":"https:\/\/agendadelsur.com\/?p=57746"},"modified":"2025-06-09T20:36:39","modified_gmt":"2025-06-09T23:36:39","slug":"dia-de-la-resistencia-peronista-2","status":"publish","type":"post","link":"https:\/\/agendadelsur.com\/index.php\/2025\/06\/09\/dia-de-la-resistencia-peronista-2\/","title":{"rendered":"D\u00eda de la Resistencia Peronista"},"content":{"rendered":"\n<h6 class=\"wp-block-heading\">El intendente Jorge Ferraresi encabez\u00f3 el homenaje &nbsp;-en el&nbsp; Monumento a los Ca\u00eddos de Avellaneda- &nbsp;a los fusilados en los basurales de Jos\u00e9 Le\u00f3n Su\u00e1rez el 9 de junio de 1956. El encuentro reuni\u00f3 a militantes y dirigentes del Partido Justicialista de Avellaneda.<\/h6>\n\n\n\n<figure class=\"wp-block-gallery has-nested-images columns-default is-cropped wp-block-gallery-1 is-layout-flex wp-block-gallery-is-layout-flex\">\n<figure class=\"wp-block-image size-large\"><img loading=\"lazy\" decoding=\"async\" width=\"700\" height=\"480\" data-id=\"57750\" src=\"https:\/\/agendadelsur.com\/wp-content\/uploads\/2025\/06\/1-3.jpg\" alt=\"\" class=\"wp-image-57750\" srcset=\"https:\/\/agendadelsur.com\/wp-content\/uploads\/2025\/06\/1-3.jpg 700w, https:\/\/agendadelsur.com\/wp-content\/uploads\/2025\/06\/1-3-300x206.jpg 300w\" sizes=\"(max-width: 700px) 100vw, 700px\" \/><\/figure>\n\n\n\n<figure class=\"wp-block-image size-large\"><img decoding=\"async\" data-id=\"57749\" src=\"https:\/\/agendadelsur.com\/wp-content\/uploads\/2025\/06\/3-2.jpg\" alt=\"\" class=\"wp-image-57749\"\/><\/figure>\n<\/figure>\n\n\n\n<p>&#8220;La historia nos marca el camino: tenemos que redoblar cada d\u00eda nuestros esfuerzos para volver a tener una patria que retome el legado de Per\u00f3n&#8221;. &#8220;Hoy y siempre, memoria viva de lxs militantes que lucharon por una Argentina m\u00e1s justa, libre y soberana&#8221;, expres\u00f3 Ferraresi en sus redes.<\/p>\n","protected":false},"excerpt":{"rendered":"<p>El intendente Jorge Ferraresi encabez\u00f3 el homenaje &nbsp;-en el&nbsp; Monumento a los Ca\u00eddos de Avellaneda- &nbsp;a los fusilados en los basurales de Jos\u00e9 Le\u00f3n Su\u00e1rez el 9 de junio de 1956. El encuentro reuni\u00f3 a militantes y dirigentes del Partido Justicialista de Avellaneda. &#8220;La historia nos marca el camino: tenemos que redoblar cada d\u00eda nuestros [&hellip;]<\/p>\n","protected":false},"author":2,"featured_media":57747,"comment_status":"closed","ping_status":"open","sticky":false,"template":"","format":"standard","meta":{"footnotes":""},"categories":[4],"tags":[6203],"_links":{"self":[{"href":"https:\/\/agendadelsur.com\/index.php\/wp-json\/wp\/v2\/posts\/57746"}],"collection":[{"href":"https:\/\/agendadelsur.com\/index.php\/wp-json\/wp\/v2\/posts"}],"about":[{"href":"https:\/\/agendadelsur.com\/index.php\/wp-json\/wp\/v2\/types\/post"}],"author":[{"embeddable":true,"href":"https:\/\/agendadelsur.com\/index.php\/wp-json\/wp\/v2\/users\/2"}],"replies":[{"embeddable":true,"href":"https:\/\/agendadelsur.com\/index.php\/wp-json\/wp\/v2\/comments?post=57746"}],"version-history":[{"count":1,"href":"https:\/\/agendadelsur.com\/index.php\/wp-json\/wp\/v2\/posts\/57746\/revisions"}],"predecessor-version":[{"id":57751,"href":"https:\/\/agendadelsur.com\/index.php\/wp-json\/wp\/v2\/posts\/57746\/revisions\/57751"}],"wp:featuredmedia":[{"embeddable":true,"href":"https:\/\/agendadelsur.com\/index.php\/wp-json\/wp\/v2\/media\/57747"}],"wp:attachment":[{"href":"https:\/\/agendadelsur.com\/index.php\/wp-json\/wp\/v2\/media?parent=57746"}],"wp:term":[{"taxonomy":"category","embeddable":true,"href":"https:\/\/agendadelsur.com\/index.php\/wp-json\/wp\/v2\/categories?post=57746"},{"taxonomy":"post_tag","embeddable":true,"href":"https:\/\/agendadelsur.com\/index.php\/wp-json\/wp\/v2\/tags?post=57746"}],"curies":[{"name":"wp","href":"https:\/\/api.w.org\/{rel}","templated":true}]}}