{"id":58203,"date":"2025-07-02T00:37:04","date_gmt":"2025-07-02T03:37:04","guid":{"rendered":"https:\/\/agendadelsur.com\/?p=58203"},"modified":"2025-07-02T00:37:05","modified_gmt":"2025-07-02T03:37:05","slug":"avellaneda-rindio-homenaje-a-juan-domingo-peron-a-51-anos-de-su-paso-a-la-inmortalidad","status":"publish","type":"post","link":"https:\/\/agendadelsur.com\/index.php\/2025\/07\/02\/avellaneda-rindio-homenaje-a-juan-domingo-peron-a-51-anos-de-su-paso-a-la-inmortalidad\/","title":{"rendered":"Avellaneda rindi\u00f3 homenaje a Juan Domingo Per\u00f3n a 51 a\u00f1os de su paso a la inmortalidad"},"content":{"rendered":"\n<h6 class=\"wp-block-heading\">La militancia junto a agrupaciones pol\u00edticas y gremios se dieron cita este martes frente al monumento -que preserva su memoria- para ofrendar testimonio de la memoria popular al l\u00edder del pueblo argentino. El Intendente Jorge Ferraresi junto a Hugo Barrueco, H\u00e9ctor Villagra y otros dirigentes encabezaron el homenaje.<\/h6>\n\n\n<div class=\"wp-block-image\">\n<figure class=\"aligncenter size-full\"><img loading=\"lazy\" decoding=\"async\" width=\"500\" height=\"332\" src=\"https:\/\/agendadelsur.com\/wp-content\/uploads\/2025\/07\/514409560_1273306684155397_8309386970015786134_n.jpg\" alt=\"\" class=\"wp-image-58205\" srcset=\"https:\/\/agendadelsur.com\/wp-content\/uploads\/2025\/07\/514409560_1273306684155397_8309386970015786134_n.jpg 500w, https:\/\/agendadelsur.com\/wp-content\/uploads\/2025\/07\/514409560_1273306684155397_8309386970015786134_n-300x199.jpg 300w\" sizes=\"(max-width: 500px) 100vw, 500px\" \/><\/figure><\/div>\n\n\n<p>\u201cEn un presente marcado por el odio y el ataque constante al peronismo, el legado de nuestro l\u00edder cobra m\u00e1s fuerza que nunca. Junto a la militancia recordamos al hombre que transform\u00f3 para siempre la historia del pueblo argentino\u201d. \u201cAvellaneda construye peronismo todos los d\u00edas. Tenemos la convicci\u00f3n de que podemos y merecemos tener un pa\u00eds para todos y todas. Y ese futuro es con @kicillofok\u201d \u201cSigamos trabajando por esa Argentina grande\u201d, &nbsp;expres\u00f3 en sus redes el intendente Ferraresi.<\/p>\n\n\n\n<figure class=\"wp-block-gallery has-nested-images columns-default is-cropped wp-block-gallery-1 is-layout-flex wp-block-gallery-is-layout-flex\">\n<figure class=\"wp-block-image size-large\"><img loading=\"lazy\" decoding=\"async\" width=\"500\" height=\"332\" data-id=\"58206\" src=\"https:\/\/agendadelsur.com\/wp-content\/uploads\/2025\/07\/514423470_1273306664155399_3417036789646457046_n.jpg\" alt=\"\" class=\"wp-image-58206\" srcset=\"https:\/\/agendadelsur.com\/wp-content\/uploads\/2025\/07\/514423470_1273306664155399_3417036789646457046_n.jpg 500w, https:\/\/agendadelsur.com\/wp-content\/uploads\/2025\/07\/514423470_1273306664155399_3417036789646457046_n-300x199.jpg 300w\" sizes=\"(max-width: 500px) 100vw, 500px\" \/><\/figure>\n\n\n\n<figure class=\"wp-block-image size-large\"><img loading=\"lazy\" decoding=\"async\" width=\"500\" height=\"332\" data-id=\"58207\" src=\"https:\/\/agendadelsur.com\/wp-content\/uploads\/2025\/07\/514478534_1273306727488726_8354241412227439636_n.jpg\" alt=\"\" class=\"wp-image-58207\" srcset=\"https:\/\/agendadelsur.com\/wp-content\/uploads\/2025\/07\/514478534_1273306727488726_8354241412227439636_n.jpg 500w, https:\/\/agendadelsur.com\/wp-content\/uploads\/2025\/07\/514478534_1273306727488726_8354241412227439636_n-300x199.jpg 300w\" sizes=\"(max-width: 500px) 100vw, 500px\" \/><\/figure>\n\n\n\n<figure class=\"wp-block-image size-large\"><img loading=\"lazy\" decoding=\"async\" width=\"500\" height=\"332\" data-id=\"58208\" src=\"https:\/\/agendadelsur.com\/wp-content\/uploads\/2025\/07\/514408135_1273306730822059_2649605588595288060_n.jpg\" alt=\"\" class=\"wp-image-58208\" srcset=\"https:\/\/agendadelsur.com\/wp-content\/uploads\/2025\/07\/514408135_1273306730822059_2649605588595288060_n.jpg 500w, https:\/\/agendadelsur.com\/wp-content\/uploads\/2025\/07\/514408135_1273306730822059_2649605588595288060_n-300x199.jpg 300w\" sizes=\"(max-width: 500px) 100vw, 500px\" \/><\/figure>\n<\/figure>\n","protected":false},"excerpt":{"rendered":"<p>La militancia junto a agrupaciones pol\u00edticas y gremios se dieron cita este martes frente al monumento -que preserva su memoria- para ofrendar testimonio de la memoria popular al l\u00edder del pueblo argentino. El Intendente Jorge Ferraresi junto a Hugo Barrueco, H\u00e9ctor Villagra y otros dirigentes encabezaron el homenaje. \u201cEn un presente marcado por el odio [&hellip;]<\/p>\n","protected":false},"author":2,"featured_media":58204,"comment_status":"closed","ping_status":"open","sticky":false,"template":"","format":"standard","meta":{"footnotes":""},"categories":[4],"tags":[10724,16342],"_links":{"self":[{"href":"https:\/\/agendadelsur.com\/index.php\/wp-json\/wp\/v2\/posts\/58203"}],"collection":[{"href":"https:\/\/agendadelsur.com\/index.php\/wp-json\/wp\/v2\/posts"}],"about":[{"href":"https:\/\/agendadelsur.com\/index.php\/wp-json\/wp\/v2\/types\/post"}],"author":[{"embeddable":true,"href":"https:\/\/agendadelsur.com\/index.php\/wp-json\/wp\/v2\/users\/2"}],"replies":[{"embeddable":true,"href":"https:\/\/agendadelsur.com\/index.php\/wp-json\/wp\/v2\/comments?post=58203"}],"version-history":[{"count":1,"href":"https:\/\/agendadelsur.com\/index.php\/wp-json\/wp\/v2\/posts\/58203\/revisions"}],"predecessor-version":[{"id":58209,"href":"https:\/\/agendadelsur.com\/index.php\/wp-json\/wp\/v2\/posts\/58203\/revisions\/58209"}],"wp:featuredmedia":[{"embeddable":true,"href":"https:\/\/agendadelsur.com\/index.php\/wp-json\/wp\/v2\/media\/58204"}],"wp:attachment":[{"href":"https:\/\/agendadelsur.com\/index.php\/wp-json\/wp\/v2\/media?parent=58203"}],"wp:term":[{"taxonomy":"category","embeddable":true,"href":"https:\/\/agendadelsur.com\/index.php\/wp-json\/wp\/v2\/categories?post=58203"},{"taxonomy":"post_tag","embeddable":true,"href":"https:\/\/agendadelsur.com\/index.php\/wp-json\/wp\/v2\/tags?post=58203"}],"curies":[{"name":"wp","href":"https:\/\/api.w.org\/{rel}","templated":true}]}}